{"id":108,"date":"2022-10-30T09:34:00","date_gmt":"2022-10-30T09:34:00","guid":{"rendered":"https:\/\/bitacoras.ceipdeolveira.org\/edlg\/?p=108"},"modified":"2022-11-03T09:38:46","modified_gmt":"2022-11-03T09:38:46","slug":"videos-con-todos-os-participantes-no-certame-e-no-concurso-de-cabazas","status":"publish","type":"post","link":"https:\/\/bitacoras.ceipdeolveira.org\/edlg\/2022\/10\/30\/videos-con-todos-os-participantes-no-certame-e-no-concurso-de-cabazas\/","title":{"rendered":"V\u00cdDEOS CON TODOS OS PARTICIPANTES NO CERTAME E NO CONCURSO DE CABAZAS!"},"content":{"rendered":"\n<p>Neste primeiro v\u00eddeo podedes ver todas as &#8216;Portadas de Medo&#8217; presentadas ao Certame do Sama\u00edn&#8217;22.<\/p>\n\n\n\n<iframe loading=\"lazy\" src=\"https:\/\/drive.google.com\/file\/d\/1DgaLtsJUQ60i259hcXTZwZlKE1isEa4Y\/preview\" allow=\"autoplay\" width=\"640\" height=\"320\"><\/iframe>\n\n\n\n<hr class=\"wp-block-separator has-alpha-channel-opacity\"\/>\n\n\n\n<p>E agora \u00e9 a quenda para o Concurso de Cabazas!!<\/p>\n\n\n\n<iframe loading=\"lazy\" src=\"https:\/\/drive.google.com\/file\/d\/1XLOSzkMKxz4ucjKlKXAnzATXv0TI_X_g\/preview\" allow=\"autoplay\" width=\"640\" height=\"320\"><\/iframe>\n\n\n\n<p>Moitas grazas polo voso entusiasmo e participaci\u00f3n, para o ano que ven, m\u00e1is!!<\/p>\n","protected":false},"excerpt":{"rendered":"<p>Neste primeiro v\u00eddeo podedes ver todas as &#8216;Portadas de Medo&#8217; presentadas ao Certame do Sama\u00edn&#8217;22. E agora \u00e9 a quenda para o Concurso de Cabazas!! Moitas grazas polo voso entusiasmo e participaci\u00f3n, para o ano que ven, m\u00e1is!!<\/p>\n","protected":false},"author":18,"featured_media":0,"comment_status":"open","ping_status":"open","sticky":false,"template":"","format":"standard","meta":{"footnotes":""},"categories":[6,9,7,22,8],"tags":[],"class_list":["post-108","post","type-post","status-publish","format-standard","hentry","category-cabazas","category-certame","category-concurso","category-curso-22-23","category-videos"],"_links":{"self":[{"href":"https:\/\/bitacoras.ceipdeolveira.org\/edlg\/wp-json\/wp\/v2\/posts\/108","targetHints":{"allow":["GET"]}}],"collection":[{"href":"https:\/\/bitacoras.ceipdeolveira.org\/edlg\/wp-json\/wp\/v2\/posts"}],"about":[{"href":"https:\/\/bitacoras.ceipdeolveira.org\/edlg\/wp-json\/wp\/v2\/types\/post"}],"author":[{"embeddable":true,"href":"https:\/\/bitacoras.ceipdeolveira.org\/edlg\/wp-json\/wp\/v2\/users\/18"}],"replies":[{"embeddable":true,"href":"https:\/\/bitacoras.ceipdeolveira.org\/edlg\/wp-json\/wp\/v2\/comments?post=108"}],"version-history":[{"count":3,"href":"https:\/\/bitacoras.ceipdeolveira.org\/edlg\/wp-json\/wp\/v2\/posts\/108\/revisions"}],"predecessor-version":[{"id":111,"href":"https:\/\/bitacoras.ceipdeolveira.org\/edlg\/wp-json\/wp\/v2\/posts\/108\/revisions\/111"}],"wp:attachment":[{"href":"https:\/\/bitacoras.ceipdeolveira.org\/edlg\/wp-json\/wp\/v2\/media?parent=108"}],"wp:term":[{"taxonomy":"category","embeddable":true,"href":"https:\/\/bitacoras.ceipdeolveira.org\/edlg\/wp-json\/wp\/v2\/categories?post=108"},{"taxonomy":"post_tag","embeddable":true,"href":"https:\/\/bitacoras.ceipdeolveira.org\/edlg\/wp-json\/wp\/v2\/tags?post=108"}],"curies":[{"name":"wp","href":"https:\/\/api.w.org\/{rel}","templated":true}]}}