{"id":163,"date":"2023-10-23T08:52:39","date_gmt":"2023-10-23T08:52:39","guid":{"rendered":"https:\/\/bitacoras.ceipdeolveira.org\/edlg\/?p=163"},"modified":"2023-10-19T08:55:10","modified_gmt":"2023-10-19T08:55:10","slug":"concurso-de-cabazas","status":"publish","type":"post","link":"https:\/\/bitacoras.ceipdeolveira.org\/edlg\/2023\/10\/23\/concurso-de-cabazas\/","title":{"rendered":"CONCURSO DE CABAZAS"},"content":{"rendered":"\n<figure class=\"wp-block-image size-large\"><img loading=\"lazy\" decoding=\"async\" width=\"724\" height=\"1024\" src=\"https:\/\/bitacoras.ceipdeolveira.org\/edlg\/wp-content\/uploads\/sites\/23\/2023\/10\/Red-Grey-Halloween-Party-Poster-724x1024.jpg\" alt=\"\" class=\"wp-image-164\" srcset=\"https:\/\/bitacoras.ceipdeolveira.org\/edlg\/wp-content\/uploads\/sites\/23\/2023\/10\/Red-Grey-Halloween-Party-Poster-724x1024.jpg 724w, https:\/\/bitacoras.ceipdeolveira.org\/edlg\/wp-content\/uploads\/sites\/23\/2023\/10\/Red-Grey-Halloween-Party-Poster-212x300.jpg 212w, https:\/\/bitacoras.ceipdeolveira.org\/edlg\/wp-content\/uploads\/sites\/23\/2023\/10\/Red-Grey-Halloween-Party-Poster-768x1086.jpg 768w, https:\/\/bitacoras.ceipdeolveira.org\/edlg\/wp-content\/uploads\/sites\/23\/2023\/10\/Red-Grey-Halloween-Party-Poster-1086x1536.jpg 1086w, https:\/\/bitacoras.ceipdeolveira.org\/edlg\/wp-content\/uploads\/sites\/23\/2023\/10\/Red-Grey-Halloween-Party-Poster-1448x2048.jpg 1448w, https:\/\/bitacoras.ceipdeolveira.org\/edlg\/wp-content\/uploads\/sites\/23\/2023\/10\/Red-Grey-Halloween-Party-Poster.jpg 1587w\" sizes=\"auto, (max-width: 724px) 100vw, 724px\" \/><\/figure>\n\n\n\n<p>Bo d\u00eda!!<\/p>\n\n\n\n<p>Como cada ano por estas datas, dende o Equipo de Dinamizaci\u00f3n da Lingua Galega, e tratando de fomentar as vellas tradici\u00f3ns, po\u00f1emos en marcha o Concurso de Cabazas&#8217;23.<\/p>\n\n\n\n<p>O alumnado que queira participar deber\u00e1 confeccionar unha cabaza na casa coa axuda dos seus familiares e traela ao cole. Hai catro categor\u00edas para participar: terror\u00edfica, simp\u00e1tica, tradicional e elaborada. DATAS: 30 e 31 de outubro.<\/p>\n\n\n\n<p>Sa\u00fados!<\/p>\n","protected":false},"excerpt":{"rendered":"<p>Bo d\u00eda!! Como cada ano por estas datas, dende o Equipo de Dinamizaci\u00f3n da Lingua Galega, e tratando de fomentar as vellas tradici\u00f3ns, po\u00f1emos en marcha o Concurso de Cabazas&#8217;23. O alumnado que queira participar deber\u00e1 confeccionar unha cabaza na &hellip; <a href=\"https:\/\/bitacoras.ceipdeolveira.org\/edlg\/2023\/10\/23\/concurso-de-cabazas\/\">Sigue lendo <span class=\"meta-nav\">&rarr;<\/span><\/a><\/p>\n","protected":false},"author":18,"featured_media":0,"comment_status":"open","ping_status":"open","sticky":false,"template":"","format":"standard","meta":{"footnotes":""},"categories":[6,7,24,5],"tags":[],"class_list":["post-163","post","type-post","status-publish","format-standard","hentry","category-cabazas","category-concurso","category-curso-23-24","category-samain"],"_links":{"self":[{"href":"https:\/\/bitacoras.ceipdeolveira.org\/edlg\/wp-json\/wp\/v2\/posts\/163","targetHints":{"allow":["GET"]}}],"collection":[{"href":"https:\/\/bitacoras.ceipdeolveira.org\/edlg\/wp-json\/wp\/v2\/posts"}],"about":[{"href":"https:\/\/bitacoras.ceipdeolveira.org\/edlg\/wp-json\/wp\/v2\/types\/post"}],"author":[{"embeddable":true,"href":"https:\/\/bitacoras.ceipdeolveira.org\/edlg\/wp-json\/wp\/v2\/users\/18"}],"replies":[{"embeddable":true,"href":"https:\/\/bitacoras.ceipdeolveira.org\/edlg\/wp-json\/wp\/v2\/comments?post=163"}],"version-history":[{"count":1,"href":"https:\/\/bitacoras.ceipdeolveira.org\/edlg\/wp-json\/wp\/v2\/posts\/163\/revisions"}],"predecessor-version":[{"id":165,"href":"https:\/\/bitacoras.ceipdeolveira.org\/edlg\/wp-json\/wp\/v2\/posts\/163\/revisions\/165"}],"wp:attachment":[{"href":"https:\/\/bitacoras.ceipdeolveira.org\/edlg\/wp-json\/wp\/v2\/media?parent=163"}],"wp:term":[{"taxonomy":"category","embeddable":true,"href":"https:\/\/bitacoras.ceipdeolveira.org\/edlg\/wp-json\/wp\/v2\/categories?post=163"},{"taxonomy":"post_tag","embeddable":true,"href":"https:\/\/bitacoras.ceipdeolveira.org\/edlg\/wp-json\/wp\/v2\/tags?post=163"}],"curies":[{"name":"wp","href":"https:\/\/api.w.org\/{rel}","templated":true}]}}