{"id":169,"date":"2023-11-06T11:40:00","date_gmt":"2023-11-06T11:40:00","guid":{"rendered":"https:\/\/bitacoras.ceipdeolveira.org\/edlg\/?p=169"},"modified":"2023-11-06T11:40:01","modified_gmt":"2023-11-06T11:40:01","slug":"video-das-cabazas-do-samain23","status":"publish","type":"post","link":"https:\/\/bitacoras.ceipdeolveira.org\/edlg\/2023\/11\/06\/video-das-cabazas-do-samain23\/","title":{"rendered":"V\u00cdDEO DAS CABAZAS DO SAMA\u00cdN&#8217;23"},"content":{"rendered":"\n<p>Aqu\u00ed vos deixamos un v\u00eddeo coas vosas creaci\u00f3ns para o Concurso de Cabazas 2023 do CEIP de Olveira.<\/p>\n\n\n\n<p>Graci\u00f1as polo voso esforzo e traballo! Sodes unhas\/uns artistas!!<\/p>\n\n\n\n<iframe loading=\"lazy\" src=\"https:\/\/drive.google.com\/file\/d\/1syAQjfLGn6HrT2ji0IbIUqhYFQ-5l5uW\/preview\" width=\"640\" height=\"320\" allow=\"autoplay\"><\/iframe>\n","protected":false},"excerpt":{"rendered":"<p>Aqu\u00ed vos deixamos un v\u00eddeo coas vosas creaci\u00f3ns para o Concurso de Cabazas 2023 do CEIP de Olveira. Graci\u00f1as polo voso esforzo e traballo! Sodes unhas\/uns artistas!!<\/p>\n","protected":false},"author":18,"featured_media":0,"comment_status":"open","ping_status":"open","sticky":false,"template":"","format":"standard","meta":{"footnotes":""},"categories":[6,7,24,5,8],"tags":[],"class_list":["post-169","post","type-post","status-publish","format-standard","hentry","category-cabazas","category-concurso","category-curso-23-24","category-samain","category-videos"],"_links":{"self":[{"href":"https:\/\/bitacoras.ceipdeolveira.org\/edlg\/wp-json\/wp\/v2\/posts\/169","targetHints":{"allow":["GET"]}}],"collection":[{"href":"https:\/\/bitacoras.ceipdeolveira.org\/edlg\/wp-json\/wp\/v2\/posts"}],"about":[{"href":"https:\/\/bitacoras.ceipdeolveira.org\/edlg\/wp-json\/wp\/v2\/types\/post"}],"author":[{"embeddable":true,"href":"https:\/\/bitacoras.ceipdeolveira.org\/edlg\/wp-json\/wp\/v2\/users\/18"}],"replies":[{"embeddable":true,"href":"https:\/\/bitacoras.ceipdeolveira.org\/edlg\/wp-json\/wp\/v2\/comments?post=169"}],"version-history":[{"count":1,"href":"https:\/\/bitacoras.ceipdeolveira.org\/edlg\/wp-json\/wp\/v2\/posts\/169\/revisions"}],"predecessor-version":[{"id":170,"href":"https:\/\/bitacoras.ceipdeolveira.org\/edlg\/wp-json\/wp\/v2\/posts\/169\/revisions\/170"}],"wp:attachment":[{"href":"https:\/\/bitacoras.ceipdeolveira.org\/edlg\/wp-json\/wp\/v2\/media?parent=169"}],"wp:term":[{"taxonomy":"category","embeddable":true,"href":"https:\/\/bitacoras.ceipdeolveira.org\/edlg\/wp-json\/wp\/v2\/categories?post=169"},{"taxonomy":"post_tag","embeddable":true,"href":"https:\/\/bitacoras.ceipdeolveira.org\/edlg\/wp-json\/wp\/v2\/tags?post=169"}],"curies":[{"name":"wp","href":"https:\/\/api.w.org\/{rel}","templated":true}]}}