{"id":372,"date":"2025-11-25T10:23:45","date_gmt":"2025-11-25T10:23:45","guid":{"rendered":"https:\/\/bitacoras.ceipdeolveira.org\/edlg\/?p=372"},"modified":"2025-11-25T10:23:45","modified_gmt":"2025-11-25T10:23:45","slug":"25n-dia-internacional-contra-a-violencia-de-xenero","status":"publish","type":"post","link":"https:\/\/bitacoras.ceipdeolveira.org\/edlg\/2025\/11\/25\/25n-dia-internacional-contra-a-violencia-de-xenero\/","title":{"rendered":"25N: D\u00cdA INTERNACIONAL CONTRA A VIOLENCIA DE X\u00c9NERO"},"content":{"rendered":"\n<p>Hoxe, <strong>25 de novembro<\/strong>, a comunidade educativa do CEIP de Olveira \u00fanese para reivindicar un mundo libre de violencia de x\u00e9nero. No colexio traballamos a favor do respecto, da igualdade e da convivencia pac\u00edfica, lembrando que cada pequeno xesto conta para construir unha sociedade m\u00e1is xusta.<br>Que este d\u00eda nos axude a reflexionar, a educar e a actuar, sempre desde o compromiso co benestar e a dignididade de todas as persoas.<\/p>\n\n\n\n<figure class=\"wp-block-image size-large\"><img loading=\"lazy\" decoding=\"async\" width=\"819\" height=\"1024\" src=\"https:\/\/bitacoras.ceipdeolveira.org\/edlg\/wp-content\/uploads\/sites\/23\/2025\/11\/Dia-Internacional-contra-a-Violencia-de-Xenero-819x1024.png\" alt=\"\" class=\"wp-image-388\" srcset=\"https:\/\/bitacoras.ceipdeolveira.org\/edlg\/wp-content\/uploads\/sites\/23\/2025\/11\/Dia-Internacional-contra-a-Violencia-de-Xenero-819x1024.png 819w, https:\/\/bitacoras.ceipdeolveira.org\/edlg\/wp-content\/uploads\/sites\/23\/2025\/11\/Dia-Internacional-contra-a-Violencia-de-Xenero-240x300.png 240w, https:\/\/bitacoras.ceipdeolveira.org\/edlg\/wp-content\/uploads\/sites\/23\/2025\/11\/Dia-Internacional-contra-a-Violencia-de-Xenero-768x960.png 768w, https:\/\/bitacoras.ceipdeolveira.org\/edlg\/wp-content\/uploads\/sites\/23\/2025\/11\/Dia-Internacional-contra-a-Violencia-de-Xenero.png 1080w\" sizes=\"auto, (max-width: 819px) 100vw, 819px\" \/><\/figure>\n\n\n\n<figure class=\"wp-block-image size-large\"><img loading=\"lazy\" decoding=\"async\" width=\"819\" height=\"1024\" src=\"https:\/\/bitacoras.ceipdeolveira.org\/edlg\/wp-content\/uploads\/sites\/23\/2025\/11\/Dia-internacional-contra-la-violencia-de-genero-819x1024.png\" alt=\"\" class=\"wp-image-389\" srcset=\"https:\/\/bitacoras.ceipdeolveira.org\/edlg\/wp-content\/uploads\/sites\/23\/2025\/11\/Dia-internacional-contra-la-violencia-de-genero-819x1024.png 819w, https:\/\/bitacoras.ceipdeolveira.org\/edlg\/wp-content\/uploads\/sites\/23\/2025\/11\/Dia-internacional-contra-la-violencia-de-genero-240x300.png 240w, https:\/\/bitacoras.ceipdeolveira.org\/edlg\/wp-content\/uploads\/sites\/23\/2025\/11\/Dia-internacional-contra-la-violencia-de-genero-768x960.png 768w, https:\/\/bitacoras.ceipdeolveira.org\/edlg\/wp-content\/uploads\/sites\/23\/2025\/11\/Dia-internacional-contra-la-violencia-de-genero.png 1080w\" sizes=\"auto, (max-width: 819px) 100vw, 819px\" \/><\/figure>\n","protected":false},"excerpt":{"rendered":"<p>Hoxe, 25 de novembro, a comunidade educativa do CEIP de Olveira \u00fanese para reivindicar un mundo libre de violencia de x\u00e9nero. No colexio traballamos a favor do respecto, da igualdade e da convivencia pac\u00edfica, lembrando que cada pequeno xesto conta &hellip; <a href=\"https:\/\/bitacoras.ceipdeolveira.org\/edlg\/2025\/11\/25\/25n-dia-internacional-contra-a-violencia-de-xenero\/\">Sigue lendo <span class=\"meta-nav\">&rarr;<\/span><\/a><\/p>\n","protected":false},"author":77,"featured_media":0,"comment_status":"open","ping_status":"open","sticky":false,"template":"","format":"standard","meta":{"footnotes":""},"categories":[1],"tags":[],"class_list":["post-372","post","type-post","status-publish","format-standard","hentry","category-sen-categoria"],"_links":{"self":[{"href":"https:\/\/bitacoras.ceipdeolveira.org\/edlg\/wp-json\/wp\/v2\/posts\/372","targetHints":{"allow":["GET"]}}],"collection":[{"href":"https:\/\/bitacoras.ceipdeolveira.org\/edlg\/wp-json\/wp\/v2\/posts"}],"about":[{"href":"https:\/\/bitacoras.ceipdeolveira.org\/edlg\/wp-json\/wp\/v2\/types\/post"}],"author":[{"embeddable":true,"href":"https:\/\/bitacoras.ceipdeolveira.org\/edlg\/wp-json\/wp\/v2\/users\/77"}],"replies":[{"embeddable":true,"href":"https:\/\/bitacoras.ceipdeolveira.org\/edlg\/wp-json\/wp\/v2\/comments?post=372"}],"version-history":[{"count":2,"href":"https:\/\/bitacoras.ceipdeolveira.org\/edlg\/wp-json\/wp\/v2\/posts\/372\/revisions"}],"predecessor-version":[{"id":390,"href":"https:\/\/bitacoras.ceipdeolveira.org\/edlg\/wp-json\/wp\/v2\/posts\/372\/revisions\/390"}],"wp:attachment":[{"href":"https:\/\/bitacoras.ceipdeolveira.org\/edlg\/wp-json\/wp\/v2\/media?parent=372"}],"wp:term":[{"taxonomy":"category","embeddable":true,"href":"https:\/\/bitacoras.ceipdeolveira.org\/edlg\/wp-json\/wp\/v2\/categories?post=372"},{"taxonomy":"post_tag","embeddable":true,"href":"https:\/\/bitacoras.ceipdeolveira.org\/edlg\/wp-json\/wp\/v2\/tags?post=372"}],"curies":[{"name":"wp","href":"https:\/\/api.w.org\/{rel}","templated":true}]}}