{"id":460,"date":"2026-03-08T20:05:10","date_gmt":"2026-03-08T20:05:10","guid":{"rendered":"https:\/\/bitacoras.ceipdeolveira.org\/edlg\/?p=460"},"modified":"2026-03-08T20:05:11","modified_gmt":"2026-03-08T20:05:11","slug":"8m-dia-internacional-da-muller-2","status":"publish","type":"post","link":"https:\/\/bitacoras.ceipdeolveira.org\/edlg\/2026\/03\/08\/8m-dia-internacional-da-muller-2\/","title":{"rendered":"8M: D\u00eda Internacional da Muller"},"content":{"rendered":"\n<p>O pasado venres conmemorouse no noso colexio o <strong>D\u00eda Internacional da Muller (8M)<\/strong>, unha xornada moi especial dedicada a reflexionar sobre a igualdade, o respecto e o papel fundamental das mulleres na nosa sociedade.<\/p>\n\n\n\n<p>Ao longo do d\u00eda, os nenos e nenas de todo o colexio participaron nunha actividade conxunta chea de significado. Cada alumno e alumna escribiu nun <strong>lazo de cor violeta<\/strong> palabras, mensaxes ou frases relacionadas coa igualdade, o respecto e a importancia deste d\u00eda.<\/p>\n\n\n\n<p>Unha vez rematados, todos os lazos foron colocados nunha <strong>\u00e1rbore do colexio<\/strong>, que se encheu de cor violeta e de mensaxes positivas. A nosa \u00e1rbore converteuse as\u00ed nun s\u00edmbolo do compromiso de toda a comunidade educativa coa igualdade entre mulleres e homes.<\/p>\n\n\n\n<p>Foi unha actividade moi bonita na que todos e todas puidemos expresar as nosas ideas e sentimentos, lembrando que entre todos e todas podemos constru\u00edr un mundo m\u00e1is xusto e igualitario.<\/p>\n\n\n\n<p>Seguiremos traballando xuntos para fomentar valores como o respecto, a igualdade e a convivencia.<\/p>\n\n\n\n<figure class=\"wp-block-image size-large\"><img loading=\"lazy\" decoding=\"async\" width=\"768\" height=\"1024\" src=\"https:\/\/bitacoras.ceipdeolveira.org\/edlg\/wp-content\/uploads\/sites\/23\/2026\/03\/IMG_8248-768x1024.jpeg\" alt=\"\" class=\"wp-image-463\" srcset=\"https:\/\/bitacoras.ceipdeolveira.org\/edlg\/wp-content\/uploads\/sites\/23\/2026\/03\/IMG_8248-768x1024.jpeg 768w, https:\/\/bitacoras.ceipdeolveira.org\/edlg\/wp-content\/uploads\/sites\/23\/2026\/03\/IMG_8248-225x300.jpeg 225w, https:\/\/bitacoras.ceipdeolveira.org\/edlg\/wp-content\/uploads\/sites\/23\/2026\/03\/IMG_8248-1152x1536.jpeg 1152w, https:\/\/bitacoras.ceipdeolveira.org\/edlg\/wp-content\/uploads\/sites\/23\/2026\/03\/IMG_8248-1536x2048.jpeg 1536w, https:\/\/bitacoras.ceipdeolveira.org\/edlg\/wp-content\/uploads\/sites\/23\/2026\/03\/IMG_8248-scaled.jpeg 1920w\" sizes=\"auto, (max-width: 768px) 100vw, 768px\" \/><\/figure>\n","protected":false},"excerpt":{"rendered":"<p>O pasado venres conmemorouse no noso colexio o D\u00eda Internacional da Muller (8M), unha xornada moi especial dedicada a reflexionar sobre a igualdade, o respecto e o papel fundamental das mulleres na nosa sociedade. Ao longo do d\u00eda, os nenos &hellip; <a href=\"https:\/\/bitacoras.ceipdeolveira.org\/edlg\/2026\/03\/08\/8m-dia-internacional-da-muller-2\/\">Sigue lendo <span class=\"meta-nav\">&rarr;<\/span><\/a><\/p>\n","protected":false},"author":77,"featured_media":0,"comment_status":"open","ping_status":"open","sticky":false,"template":"","format":"standard","meta":{"footnotes":""},"categories":[1],"tags":[],"class_list":["post-460","post","type-post","status-publish","format-standard","hentry","category-sen-categoria"],"_links":{"self":[{"href":"https:\/\/bitacoras.ceipdeolveira.org\/edlg\/wp-json\/wp\/v2\/posts\/460","targetHints":{"allow":["GET"]}}],"collection":[{"href":"https:\/\/bitacoras.ceipdeolveira.org\/edlg\/wp-json\/wp\/v2\/posts"}],"about":[{"href":"https:\/\/bitacoras.ceipdeolveira.org\/edlg\/wp-json\/wp\/v2\/types\/post"}],"author":[{"embeddable":true,"href":"https:\/\/bitacoras.ceipdeolveira.org\/edlg\/wp-json\/wp\/v2\/users\/77"}],"replies":[{"embeddable":true,"href":"https:\/\/bitacoras.ceipdeolveira.org\/edlg\/wp-json\/wp\/v2\/comments?post=460"}],"version-history":[{"count":2,"href":"https:\/\/bitacoras.ceipdeolveira.org\/edlg\/wp-json\/wp\/v2\/posts\/460\/revisions"}],"predecessor-version":[{"id":464,"href":"https:\/\/bitacoras.ceipdeolveira.org\/edlg\/wp-json\/wp\/v2\/posts\/460\/revisions\/464"}],"wp:attachment":[{"href":"https:\/\/bitacoras.ceipdeolveira.org\/edlg\/wp-json\/wp\/v2\/media?parent=460"}],"wp:term":[{"taxonomy":"category","embeddable":true,"href":"https:\/\/bitacoras.ceipdeolveira.org\/edlg\/wp-json\/wp\/v2\/categories?post=460"},{"taxonomy":"post_tag","embeddable":true,"href":"https:\/\/bitacoras.ceipdeolveira.org\/edlg\/wp-json\/wp\/v2\/tags?post=460"}],"curies":[{"name":"wp","href":"https:\/\/api.w.org\/{rel}","templated":true}]}}