{"id":465,"date":"2026-04-23T20:58:49","date_gmt":"2026-04-23T20:58:49","guid":{"rendered":"https:\/\/bitacoras.ceipdeolveira.org\/edlg\/?p=465"},"modified":"2026-04-23T20:58:50","modified_gmt":"2026-04-23T20:58:50","slug":"23-de-abril-dia-do-libro","status":"publish","type":"post","link":"https:\/\/bitacoras.ceipdeolveira.org\/edlg\/2026\/04\/23\/23-de-abril-dia-do-libro\/","title":{"rendered":"23 DE ABRIL: D\u00cdA DO LIBRO"},"content":{"rendered":"\n<p>Hoxe celebramos no cole o <strong>D\u00eda do Libro<\/strong> cunha xornada chea de ilusi\u00f3n, historias e momentos compartidos \ud83d\udcda\u2728<br><br>Para conmemorar esta data tan especial, realizamos un v\u00eddeo con <strong>recomendaci\u00f3ns lectoras <\/strong>no que o alumnado compartiu alg\u00fans dos seus libros favoritos, animando a todos e todas a seguir descubrindo o marabilloso mundo da lectura.<\/p>\n\n\n\n<figure class=\"wp-block-embed is-type-video is-provider-youtube wp-block-embed-youtube wp-embed-aspect-16-9 wp-has-aspect-ratio\"><div class=\"wp-block-embed__wrapper\">\n<iframe loading=\"lazy\" title=\"23 DE ABRIL 2026 | D\u00cdA DO LIBRO | Recomendaci\u00f3ns Lectoras\" width=\"584\" height=\"329\" src=\"https:\/\/www.youtube.com\/embed\/Fbjw-yvmsOg?feature=oembed\" frameborder=\"0\" allow=\"accelerometer; autoplay; clipboard-write; encrypted-media; gyroscope; picture-in-picture; web-share\" referrerpolicy=\"strict-origin-when-cross-origin\" allowfullscreen><\/iframe>\n<\/div><\/figure>\n\n\n\n<p><br>Ademais, levamos a cabo unha actividade moi especial: <strong>o apadri\u00f1amento lector. <\/strong>Os nenos e nenas de 4\u00ba, 5\u00ba e 6\u00ba de Primaria convert\u00e9ronse en lectores e lectoras exemplares ao ler contos aos m\u00e1is pequenos do cole. Todo isto tivo lugar no noso precioso patio, que se encheu de palabras, imaxinaci\u00f3n e sorrisos.<br><br>Foi unha experiencia moi enriquecedora, na que maiores e pequenos compartiron tempo, aprendizaxe e, sobre todo, o amor polos libros.<br><br>Seguimos fomentando a lectura como unha porta aberta \u00e1 creatividade, ao co\u00f1ecemento e \u00e1 diversi\u00f3n. Feliz D\u00eda do Libro a todos e todas! \ud83c\udf3c\ud83d\udcd6<br><\/p>\n","protected":false},"excerpt":{"rendered":"<p>Hoxe celebramos no cole o D\u00eda do Libro cunha xornada chea de ilusi\u00f3n, historias e momentos compartidos \ud83d\udcda\u2728 Para conmemorar esta data tan especial, realizamos un v\u00eddeo con recomendaci\u00f3ns lectoras no que o alumnado compartiu alg\u00fans dos seus libros favoritos, &hellip; <a href=\"https:\/\/bitacoras.ceipdeolveira.org\/edlg\/2026\/04\/23\/23-de-abril-dia-do-libro\/\">Sigue lendo <span class=\"meta-nav\">&rarr;<\/span><\/a><\/p>\n","protected":false},"author":77,"featured_media":0,"comment_status":"open","ping_status":"open","sticky":false,"template":"","format":"standard","meta":{"footnotes":""},"categories":[1],"tags":[],"class_list":["post-465","post","type-post","status-publish","format-standard","hentry","category-sen-categoria"],"_links":{"self":[{"href":"https:\/\/bitacoras.ceipdeolveira.org\/edlg\/wp-json\/wp\/v2\/posts\/465","targetHints":{"allow":["GET"]}}],"collection":[{"href":"https:\/\/bitacoras.ceipdeolveira.org\/edlg\/wp-json\/wp\/v2\/posts"}],"about":[{"href":"https:\/\/bitacoras.ceipdeolveira.org\/edlg\/wp-json\/wp\/v2\/types\/post"}],"author":[{"embeddable":true,"href":"https:\/\/bitacoras.ceipdeolveira.org\/edlg\/wp-json\/wp\/v2\/users\/77"}],"replies":[{"embeddable":true,"href":"https:\/\/bitacoras.ceipdeolveira.org\/edlg\/wp-json\/wp\/v2\/comments?post=465"}],"version-history":[{"count":2,"href":"https:\/\/bitacoras.ceipdeolveira.org\/edlg\/wp-json\/wp\/v2\/posts\/465\/revisions"}],"predecessor-version":[{"id":468,"href":"https:\/\/bitacoras.ceipdeolveira.org\/edlg\/wp-json\/wp\/v2\/posts\/465\/revisions\/468"}],"wp:attachment":[{"href":"https:\/\/bitacoras.ceipdeolveira.org\/edlg\/wp-json\/wp\/v2\/media?parent=465"}],"wp:term":[{"taxonomy":"category","embeddable":true,"href":"https:\/\/bitacoras.ceipdeolveira.org\/edlg\/wp-json\/wp\/v2\/categories?post=465"},{"taxonomy":"post_tag","embeddable":true,"href":"https:\/\/bitacoras.ceipdeolveira.org\/edlg\/wp-json\/wp\/v2\/tags?post=465"}],"curies":[{"name":"wp","href":"https:\/\/api.w.org\/{rel}","templated":true}]}}