{"id":19,"date":"2019-04-30T17:14:02","date_gmt":"2019-04-30T15:14:02","guid":{"rendered":"http:\/\/bitacoras.ceipdeolveira.org\/radio\/?p=19"},"modified":"2022-01-20T20:46:55","modified_gmt":"2022-01-20T19:46:55","slug":"o-dia-que-apareceu-a-cidade-de-valverde","status":"publish","type":"post","link":"https:\/\/bitacoras.ceipdeolveira.org\/radio\/2019\/04\/30\/o-dia-que-apareceu-a-cidade-de-valverde\/","title":{"rendered":"FICCI\u00d3N SONORA: O d\u00eda que apareceu a Cidade de Valverde"},"content":{"rendered":"<p>O alumnado de 5\u00ba de Ed. Primaria do CEIP de OLVEIRA, coa colaboraci\u00f3n dalg\u00fans mestres\/mestras e a participaci\u00f3n de alg\u00fans pais\/nais confeccionaron unha pequena obra de ficci\u00f3n sonora, en forma de teatro radiof\u00f3nico, baseada na &#8216;Lenda da Cidade de Valverde&#8217;.<\/p>\n<p>\u201cConta a lenda que no fondo da Lagoa de Carregal, lagoa pr\u00f3xima ao centro, hai unha cidade mergullada e, segundo parece, en algunha ocasi\u00f3n apareceron restos arqueol\u00f3xicos do que no seu momento puido ser esa cidade.\u201d<\/p>\n<p><iframe id=\"audio_35124260\" style=\"border: 1px solid #EEE; box-sizing: border-box; width: 100%;\" src=\"https:\/\/www.ivoox.com\/player_ej_35124260_4_1.html?c1=ff6600\" height=\"220\" frameborder=\"0\" scrolling=\"no\" allowfullscreen=\"allowfullscreen\"><span class=\"mce_SELRES_start\" data-mce-type=\"bookmark\" style=\"display: inline-block; width: 0px; overflow: hidden; line-height: 0;\">\ufeff<\/span><span class=\"mce_SELRES_start\" data-mce-type=\"bookmark\" style=\"display: inline-block; width: 0px; overflow: hidden; line-height: 0;\">\ufeff<\/span><span class=\"mce_SELRES_start\" data-mce-type=\"bookmark\" style=\"display: inline-block; width: 0px; overflow: hidden; line-height: 0;\">\ufeff<\/span><span class=\"mce_SELRES_start\" data-mce-type=\"bookmark\" style=\"display: inline-block; width: 0px; overflow: hidden; line-height: 0;\">\ufeff<\/span><\/iframe><\/p>\n<p style=\"text-align: center;\"><span style=\"font-size: 8pt;\">&#8212;&#8212;&#8212;&#8212;&#8212;&#8212;&#8212;&#8212;&#8212;&#8212;&#8212;&#8212;&#8212;&#8212;&#8212;&#8212;&#8212;&#8212;&#8212;&#8212;&#8212;&#8212;&#8212;&#8212;&#8212;&#8212;&#8212;&#8211;<\/span><\/p>\n<p style=\"text-align: center;\"><span style=\"font-size: 8pt;\"><strong>NOTA SOBRE OS DEREITOS DE AUTOR<\/strong><br \/>\n<strong>AUDIO DE FONDO<\/strong><br \/>\n<a href=\"http:\/\/www.gzmusica.com\/cartafol\/world-music\/a-compania-do-ruido.html\" target=\"_blank\" rel=\"noopener noreferrer\"> A Companh\u00eda do Ruido<\/a>, <em>Flauta Punchi, en<\/em> <a href=\"http:\/\/www.galiciantunes.com\/bandsandartists_discography\/880#Disco5081\" target=\"_blank\" rel=\"noopener noreferrer\">A Compa\u00f1\u00eda do Ru\u00eddo (2005)<\/a>, licenza: <a href=\"http:\/\/creativecommons.org\/licenses\/by-nc\/3.0\/\" target=\"_blank\" rel=\"noopener noreferrer\">Con permiso expreso dos autores<\/a><br \/>\n<strong>IMAXEN<\/strong><br \/>\n<a href=\"https:\/\/pxhere.com\/es\/photographer\/1202569\" target=\"_blank\" rel=\"noopener noreferrer\">Javier888<\/a>, <em>Paisaje<\/em>, en <a href=\"https:\/\/www.flickr.com\/photos\/victorianorivero\/29798042150\" target=\"_blank\" rel=\"noopener noreferrer\">flickr.com,<\/a> licenza <a href=\"https:\/\/creativecommons.org\/publicdomain\/zero\/1.0\/\" target=\"_blank\" rel=\"noopener noreferrer\">CC0 Public Domain<\/a><\/span><\/p>\n","protected":false},"excerpt":{"rendered":"<p>O alumnado de 5\u00ba de Ed. Primaria do CEIP de OLVEIRA, coa colaboraci\u00f3n dalg\u00fans mestres\/mestras e a participaci\u00f3n de alg\u00fans pais\/nais confeccionaron unha pequena obra de ficci\u00f3n sonora, en forma de teatro radiof\u00f3nico, baseada na &#8216;Lenda da Cidade de Valverde&#8217;. &hellip; <a href=\"https:\/\/bitacoras.ceipdeolveira.org\/radio\/2019\/04\/30\/o-dia-que-apareceu-a-cidade-de-valverde\/\">Sigue lendo <span class=\"meta-nav\">&rarr;<\/span><\/a><\/p>\n","protected":false},"author":18,"featured_media":0,"comment_status":"open","ping_status":"open","sticky":false,"template":"","format":"standard","meta":{"footnotes":""},"categories":[2,6,14,36],"tags":[],"class_list":["post-19","post","type-post","status-publish","format-standard","hentry","category-curso-18-19","category-ficcion-sonora","category-podcast","category-teatro-radiado"],"_links":{"self":[{"href":"https:\/\/bitacoras.ceipdeolveira.org\/radio\/wp-json\/wp\/v2\/posts\/19","targetHints":{"allow":["GET"]}}],"collection":[{"href":"https:\/\/bitacoras.ceipdeolveira.org\/radio\/wp-json\/wp\/v2\/posts"}],"about":[{"href":"https:\/\/bitacoras.ceipdeolveira.org\/radio\/wp-json\/wp\/v2\/types\/post"}],"author":[{"embeddable":true,"href":"https:\/\/bitacoras.ceipdeolveira.org\/radio\/wp-json\/wp\/v2\/users\/18"}],"replies":[{"embeddable":true,"href":"https:\/\/bitacoras.ceipdeolveira.org\/radio\/wp-json\/wp\/v2\/comments?post=19"}],"version-history":[{"count":9,"href":"https:\/\/bitacoras.ceipdeolveira.org\/radio\/wp-json\/wp\/v2\/posts\/19\/revisions"}],"predecessor-version":[{"id":455,"href":"https:\/\/bitacoras.ceipdeolveira.org\/radio\/wp-json\/wp\/v2\/posts\/19\/revisions\/455"}],"wp:attachment":[{"href":"https:\/\/bitacoras.ceipdeolveira.org\/radio\/wp-json\/wp\/v2\/media?parent=19"}],"wp:term":[{"taxonomy":"category","embeddable":true,"href":"https:\/\/bitacoras.ceipdeolveira.org\/radio\/wp-json\/wp\/v2\/categories?post=19"},{"taxonomy":"post_tag","embeddable":true,"href":"https:\/\/bitacoras.ceipdeolveira.org\/radio\/wp-json\/wp\/v2\/tags?post=19"}],"curies":[{"name":"wp","href":"https:\/\/api.w.org\/{rel}","templated":true}]}}