{"id":239,"date":"2020-11-20T09:00:00","date_gmt":"2020-11-20T08:00:00","guid":{"rendered":"http:\/\/bitacoras.ceipdeolveira.org\/radio\/?p=239"},"modified":"2022-01-20T20:36:26","modified_gmt":"2022-01-20T19:36:26","slug":"entrevista-ruben-lijo-pegasus","status":"publish","type":"post","link":"https:\/\/bitacoras.ceipdeolveira.org\/radio\/2020\/11\/20\/entrevista-ruben-lijo-pegasus\/","title":{"rendered":"D\u00cdA DA INFANCIA (20 Novembro) | ENTREVISTA: Rub\u00e9n Lij\u00f3 &#8216;Pegasus&#8217;"},"content":{"rendered":"\n<iframe id=\"audio_60327256\" frameborder=\"0\" allowfullscreen=\"\" scrolling=\"no\" height=\"200\" style=\"border:1px solid #EEE; box-sizing:border-box; width:100%;\" src=\"https:\/\/www.ivoox.com\/player_ej_60327256_4_1.html?c1=ff6600\"><\/iframe>\n\n\n\n<p class=\"has-text-align-left\">Por mor da celebraci\u00f3n do D\u00eda Internacional do Neno, os rapaces e rapazas de 5\u00baEP do CEIP de Olveira fix\u00e9ronlle unha entrevista a Rub\u00e9n Lij\u00f3, o presidente da ONG Pegasus de Ribeira que, entre outras cousas, fixeron varios viaxes a campos de refuxiados para levarlle alimentos, roupa, xoguetes ou bicicletas. Graci\u00f1as polo voso traballo e dedicaci\u00f3n.<\/p>\n\n\n\n<p class=\"has-text-align-center has-small-font-size\"><br><strong> \u2014\u2014\u2014\u2014\u2014\u2014\u2014\u2014\u2014\u2014\u2014\u2014<br> NOTA SOBRE OS DEREITOS DE AUTOR<br> AUDIO DE FONDO<\/strong><br> <a href=\"http:\/\/ccmixter.org\/people\/doxent\">Doxent Zsigmond<\/a>, <em>Forgotten Land<\/em>, en <a href=\"http:\/\/ccmixter.org\/files\/doxent\/45486\">ccmixter.org<\/a>, licenza <a href=\"http:\/\/creativecommons.org\/licenses\/by\/3.0\/\">CC BY<\/a><\/p>\n\n\n\n<p class=\"has-text-align-center has-small-font-size\"><strong>IMAXEN<\/strong><br>Rub\u00e9n Lij\u00f3, <em>Logo Pegasus<\/em>, licenza cedida polo autor.<\/p>\n","protected":false},"excerpt":{"rendered":"<p>Por mor da celebraci\u00f3n do D\u00eda Internacional do Neno, os rapaces e rapazas de 5\u00baEP do CEIP de Olveira fix\u00e9ronlle unha entrevista a Rub\u00e9n Lij\u00f3, o presidente da ONG Pegasus de Ribeira que, entre outras cousas, fixeron varios viaxes a &hellip; <a href=\"https:\/\/bitacoras.ceipdeolveira.org\/radio\/2020\/11\/20\/entrevista-ruben-lijo-pegasus\/\">Sigue lendo <span class=\"meta-nav\">&rarr;<\/span><\/a><\/p>\n","protected":false},"author":18,"featured_media":0,"comment_status":"open","ping_status":"open","sticky":false,"template":"","format":"standard","meta":{"footnotes":""},"categories":[27,15,20,14],"tags":[],"class_list":["post-239","post","type-post","status-publish","format-standard","hentry","category-curso-20-21","category-dereitos-dos-nenos","category-entrevistas","category-podcast"],"_links":{"self":[{"href":"https:\/\/bitacoras.ceipdeolveira.org\/radio\/wp-json\/wp\/v2\/posts\/239","targetHints":{"allow":["GET"]}}],"collection":[{"href":"https:\/\/bitacoras.ceipdeolveira.org\/radio\/wp-json\/wp\/v2\/posts"}],"about":[{"href":"https:\/\/bitacoras.ceipdeolveira.org\/radio\/wp-json\/wp\/v2\/types\/post"}],"author":[{"embeddable":true,"href":"https:\/\/bitacoras.ceipdeolveira.org\/radio\/wp-json\/wp\/v2\/users\/18"}],"replies":[{"embeddable":true,"href":"https:\/\/bitacoras.ceipdeolveira.org\/radio\/wp-json\/wp\/v2\/comments?post=239"}],"version-history":[{"count":11,"href":"https:\/\/bitacoras.ceipdeolveira.org\/radio\/wp-json\/wp\/v2\/posts\/239\/revisions"}],"predecessor-version":[{"id":445,"href":"https:\/\/bitacoras.ceipdeolveira.org\/radio\/wp-json\/wp\/v2\/posts\/239\/revisions\/445"}],"wp:attachment":[{"href":"https:\/\/bitacoras.ceipdeolveira.org\/radio\/wp-json\/wp\/v2\/media?parent=239"}],"wp:term":[{"taxonomy":"category","embeddable":true,"href":"https:\/\/bitacoras.ceipdeolveira.org\/radio\/wp-json\/wp\/v2\/categories?post=239"},{"taxonomy":"post_tag","embeddable":true,"href":"https:\/\/bitacoras.ceipdeolveira.org\/radio\/wp-json\/wp\/v2\/tags?post=239"}],"curies":[{"name":"wp","href":"https:\/\/api.w.org\/{rel}","templated":true}]}}