{"id":290,"date":"2021-03-12T13:00:00","date_gmt":"2021-03-12T12:00:00","guid":{"rendered":"http:\/\/bitacoras.ceipdeolveira.org\/radio\/?p=290"},"modified":"2022-01-20T20:32:27","modified_gmt":"2022-01-20T19:32:27","slug":"semana-da-prensa-11-15-marzo-noticiario","status":"publish","type":"post","link":"https:\/\/bitacoras.ceipdeolveira.org\/radio\/2021\/03\/12\/semana-da-prensa-11-15-marzo-noticiario\/","title":{"rendered":"SEMANA DA PRENSA (08-12 Marzo) | Noticiario"},"content":{"rendered":"\n<iframe id=\"audio_67337187\" frameborder=\"0\" allowfullscreen=\"\" scrolling=\"no\" height=\"200\" style=\"border:1px solid #EEE; box-sizing:border-box; width:100%;\" src=\"https:\/\/www.ivoox.com\/player_ej_67337187_4_1.html?c1=ff6600\"><\/iframe>\n\n\n\n<p>Para celebrar a semana da prensa, varios dos rapaces e rapazas de 5\u00ba de EP estiveron a traballar nun noticiario, a partir de novas reais do xornal fixeron a s\u00faa propia adaptaci\u00f3n radiof\u00f3nico. Aqu\u00ed tedes o resultado!<\/p>\n\n\n\n<p class=\"has-text-align-center has-small-font-size\"><strong>\u2014\u2014\u2014\u2014\u2014\u2014\u2014\u2014\u2014\u2014\u2014\u2014<\/strong><br><strong>   NOTA SOBRE OS DEREITOS DE AUTOR<\/strong><\/p>\n\n\n\n<p class=\"has-text-align-center has-small-font-size\"><strong>AUDIO DE FONDO<\/strong><br> <a href=\"https:\/\/soundcloud.com\/bbriggsmusic\">Ben Briggs<\/a>, <em>Splatoon Remix &#8211; Stay Fresh! (Squid Sisters News)<\/em>, en <a href=\"https:\/\/soundcloud.com\/bbriggsmusic\/stayfresh\">soundcloud.co<\/a><a href=\"https:\/\/soundcloud.com\/bennymartinpianist\/adele-hello-piano-instrumental-cover\">m<\/a>, licenza <a href=\"http:\/\/creativecommons.org\/licenses\/by\/3.0\/\">CC BY 3.0<\/a><\/p>\n\n\n\n<p class=\"has-text-align-center has-small-font-size\"><strong>IMAXEN<\/strong><br>   <a href=\"https:\/\/pixabay.com\/users\/benjaminhartwich-3910743\/\">benjaminhartwich<\/a>, <em>Radio<\/em>, en <a href=\"https:\/\/pixabay.com\/photos\/audio-sound-radiate-record-volume-3153963\/\">pixabay.com<\/a>, licenza <a href=\"https:\/\/pixabay.com\/service\/license\/\">Pixabay License<\/a><\/p>\n","protected":false},"excerpt":{"rendered":"<p>Para celebrar a semana da prensa, varios dos rapaces e rapazas de 5\u00ba de EP estiveron a traballar nun noticiario, a partir de novas reais do xornal fixeron a s\u00faa propia adaptaci\u00f3n radiof\u00f3nico. Aqu\u00ed tedes o resultado! \u2014\u2014\u2014\u2014\u2014\u2014\u2014\u2014\u2014\u2014\u2014\u2014 NOTA SOBRE &hellip; <a href=\"https:\/\/bitacoras.ceipdeolveira.org\/radio\/2021\/03\/12\/semana-da-prensa-11-15-marzo-noticiario\/\">Sigue lendo <span class=\"meta-nav\">&rarr;<\/span><\/a><\/p>\n","protected":false},"author":18,"featured_media":0,"comment_status":"open","ping_status":"open","sticky":false,"template":"","format":"standard","meta":{"footnotes":""},"categories":[27,25,14,31],"tags":[30],"class_list":["post-290","post","type-post","status-publish","format-standard","hentry","category-curso-20-21","category-novas","category-podcast","category-semana-da-prensa","tag-semana-da-prensa"],"_links":{"self":[{"href":"https:\/\/bitacoras.ceipdeolveira.org\/radio\/wp-json\/wp\/v2\/posts\/290","targetHints":{"allow":["GET"]}}],"collection":[{"href":"https:\/\/bitacoras.ceipdeolveira.org\/radio\/wp-json\/wp\/v2\/posts"}],"about":[{"href":"https:\/\/bitacoras.ceipdeolveira.org\/radio\/wp-json\/wp\/v2\/types\/post"}],"author":[{"embeddable":true,"href":"https:\/\/bitacoras.ceipdeolveira.org\/radio\/wp-json\/wp\/v2\/users\/18"}],"replies":[{"embeddable":true,"href":"https:\/\/bitacoras.ceipdeolveira.org\/radio\/wp-json\/wp\/v2\/comments?post=290"}],"version-history":[{"count":8,"href":"https:\/\/bitacoras.ceipdeolveira.org\/radio\/wp-json\/wp\/v2\/posts\/290\/revisions"}],"predecessor-version":[{"id":440,"href":"https:\/\/bitacoras.ceipdeolveira.org\/radio\/wp-json\/wp\/v2\/posts\/290\/revisions\/440"}],"wp:attachment":[{"href":"https:\/\/bitacoras.ceipdeolveira.org\/radio\/wp-json\/wp\/v2\/media?parent=290"}],"wp:term":[{"taxonomy":"category","embeddable":true,"href":"https:\/\/bitacoras.ceipdeolveira.org\/radio\/wp-json\/wp\/v2\/categories?post=290"},{"taxonomy":"post_tag","embeddable":true,"href":"https:\/\/bitacoras.ceipdeolveira.org\/radio\/wp-json\/wp\/v2\/tags?post=290"}],"curies":[{"name":"wp","href":"https:\/\/api.w.org\/{rel}","templated":true}]}}