{"id":421,"date":"2021-11-25T11:50:00","date_gmt":"2021-11-25T10:50:00","guid":{"rendered":"http:\/\/bitacoras.ceipdeolveira.org\/radio\/?p=421"},"modified":"2022-01-20T20:20:09","modified_gmt":"2022-01-20T19:20:09","slug":"obradoiro-narracion-oral","status":"publish","type":"post","link":"https:\/\/bitacoras.ceipdeolveira.org\/radio\/2021\/11\/25\/obradoiro-narracion-oral\/","title":{"rendered":"OBRADOIRO | Narraci\u00f3n Oral"},"content":{"rendered":"\n<p>O alumando de 6\u00baEP fixo un obradoiro de narraci\u00f3n oral. A partir de unha frase dada, ti\u00f1an que inventar unha historia e despois, sen axuda de gui\u00f3n, contarlla en voz alta a toda a clase. Este foi o resultado.<\/p>\n\n\n\n<iframe id=\"audio_80980960\" frameborder=\"0\" allowfullscreen=\"\" scrolling=\"no\" height=\"200\" style=\"border:1px solid #EEE; box-sizing:border-box; width:100%;\" src=\"https:\/\/www.ivoox.com\/player_ej_80980960_4_1.html?c1=ff6600\" loading=\"lazy\"><\/iframe>\n\n\n\n<p class=\"has-text-align-center has-small-font-size\">\u2014\u2014\u2014\u2014\u2014\u2014\u2014\u2014\u2014\u2014\u2014\u2014<br><strong>NOTA SOBRE OS DEREITOS DE AUTOR<\/strong><\/p>\n\n\n\n<p class=\"has-text-align-center has-small-font-size\"><strong>AUDIO DE FONDO<\/strong><br><a href=\"https:\/\/audionautix.com\/\">Jason Shaw<\/a>, <em>A montent&#8217;s reflection (2:02 Hs)<\/em>, en\u00a0<a href=\"https:\/\/audionautix.com\/free-music\/soundtrack\">audionautix.com<\/a>, licenza\u00a0<a href=\"https:\/\/creativecommons.org\/licenses\/by\/4.0\/deed.es\">CC BY<\/a><br><strong>MAXEN<\/strong><br><a href=\"https:\/\/pixabay.com\/users\/congerdesign-509903\/\">Nida<\/a>, <em>Ligero creativo pared fotografia 7810405<\/em>, en <a href=\"https:\/\/www.pexels.com\/es-es\/foto\/ligero-creativo-pared-fotografia-7810405\/\">pexels.com<\/a>, licenza\u00a0<a href=\"https:\/\/www.pexels.com\/es-es\/license\/\">Pexels<\/a><\/p>\n","protected":false},"excerpt":{"rendered":"<p>O alumando de 6\u00baEP fixo un obradoiro de narraci\u00f3n oral. A partir de unha frase dada, ti\u00f1an que inventar unha historia e despois, sen axuda de gui\u00f3n, contarlla en voz alta a toda a clase. Este foi o resultado. \u2014\u2014\u2014\u2014\u2014\u2014\u2014\u2014\u2014\u2014\u2014\u2014NOTA &hellip; <a href=\"https:\/\/bitacoras.ceipdeolveira.org\/radio\/2021\/11\/25\/obradoiro-narracion-oral\/\">Sigue lendo <span class=\"meta-nav\">&rarr;<\/span><\/a><\/p>\n","protected":false},"author":18,"featured_media":0,"comment_status":"open","ping_status":"open","sticky":false,"template":"","format":"standard","meta":{"footnotes":""},"categories":[38,39,23,14],"tags":[],"class_list":["post-421","post","type-post","status-publish","format-standard","hentry","category-curso-21-22","category-narracion-oral","category-obradoiro","category-podcast"],"_links":{"self":[{"href":"https:\/\/bitacoras.ceipdeolveira.org\/radio\/wp-json\/wp\/v2\/posts\/421","targetHints":{"allow":["GET"]}}],"collection":[{"href":"https:\/\/bitacoras.ceipdeolveira.org\/radio\/wp-json\/wp\/v2\/posts"}],"about":[{"href":"https:\/\/bitacoras.ceipdeolveira.org\/radio\/wp-json\/wp\/v2\/types\/post"}],"author":[{"embeddable":true,"href":"https:\/\/bitacoras.ceipdeolveira.org\/radio\/wp-json\/wp\/v2\/users\/18"}],"replies":[{"embeddable":true,"href":"https:\/\/bitacoras.ceipdeolveira.org\/radio\/wp-json\/wp\/v2\/comments?post=421"}],"version-history":[{"count":3,"href":"https:\/\/bitacoras.ceipdeolveira.org\/radio\/wp-json\/wp\/v2\/posts\/421\/revisions"}],"predecessor-version":[{"id":432,"href":"https:\/\/bitacoras.ceipdeolveira.org\/radio\/wp-json\/wp\/v2\/posts\/421\/revisions\/432"}],"wp:attachment":[{"href":"https:\/\/bitacoras.ceipdeolveira.org\/radio\/wp-json\/wp\/v2\/media?parent=421"}],"wp:term":[{"taxonomy":"category","embeddable":true,"href":"https:\/\/bitacoras.ceipdeolveira.org\/radio\/wp-json\/wp\/v2\/categories?post=421"},{"taxonomy":"post_tag","embeddable":true,"href":"https:\/\/bitacoras.ceipdeolveira.org\/radio\/wp-json\/wp\/v2\/tags?post=421"}],"curies":[{"name":"wp","href":"https:\/\/api.w.org\/{rel}","templated":true}]}}