{"id":460,"date":"2022-01-30T12:23:00","date_gmt":"2022-01-30T11:23:00","guid":{"rendered":"http:\/\/bitacoras.ceipdeolveira.org\/radio\/?p=460"},"modified":"2022-11-09T12:16:19","modified_gmt":"2022-11-09T11:16:19","slug":"dia-da-paz-30-maio-video-terra-tanxugueiras","status":"publish","type":"post","link":"https:\/\/bitacoras.ceipdeolveira.org\/radio\/2022\/01\/30\/dia-da-paz-30-maio-video-terra-tanxugueiras\/","title":{"rendered":"D\u00cdA DA PAZ (30 Xaneiro) | V\u00eddeo &#8216;Terra&#8217; (Tanxugueiras)"},"content":{"rendered":"\n<center><iframe loading=\"lazy\" src=\"https:\/\/drive.google.com\/file\/d\/1XiZ2BUr_PaHSBHfV-w3jU2ttKAAvBQf6\/preview\" width=\"560\" height=\"315\"><\/iframe><\/center>\n\n\n\n<hr class=\"wp-block-separator has-css-opacity\"\/>\n\n\n\n<p>Este ano co gallo do D\u00eda da Paz, o alumnado do CEIP de Olveira quixo facerse eco da canci\u00f3n &#8220;Terra&#8221; das Tanxugueiras, por todos os valores que van impl\u00edcitos na mesma e por toda a forza e a enerx\u00eda que aporta.<\/p>\n\n\n\n<p>Parab\u00e9ns \u00e1 profe Estrella (especialista en m\u00fasica) e a t\u00f3dolos bailar\u00edns e bailarinas que foron quen de traballar duro e manter o nivel de concrentraci\u00f3n necesario para acadar un resultado estupendo.<\/p>\n","protected":false},"excerpt":{"rendered":"<p>Este ano co gallo do D\u00eda da Paz, o alumnado do CEIP de Olveira quixo facerse eco da canci\u00f3n &#8220;Terra&#8221; das Tanxugueiras, por todos os valores que van impl\u00edcitos na mesma e por toda a forza e a enerx\u00eda que &hellip; <a href=\"https:\/\/bitacoras.ceipdeolveira.org\/radio\/2022\/01\/30\/dia-da-paz-30-maio-video-terra-tanxugueiras\/\">Sigue lendo <span class=\"meta-nav\">&rarr;<\/span><\/a><\/p>\n","protected":false},"author":18,"featured_media":0,"comment_status":"open","ping_status":"open","sticky":false,"template":"","format":"standard","meta":{"footnotes":""},"categories":[38,42,43,13],"tags":[],"class_list":["post-460","post","type-post","status-publish","format-standard","hentry","category-curso-21-22","category-dia-da-paz","category-plano-secuencia","category-videos"],"_links":{"self":[{"href":"https:\/\/bitacoras.ceipdeolveira.org\/radio\/wp-json\/wp\/v2\/posts\/460","targetHints":{"allow":["GET"]}}],"collection":[{"href":"https:\/\/bitacoras.ceipdeolveira.org\/radio\/wp-json\/wp\/v2\/posts"}],"about":[{"href":"https:\/\/bitacoras.ceipdeolveira.org\/radio\/wp-json\/wp\/v2\/types\/post"}],"author":[{"embeddable":true,"href":"https:\/\/bitacoras.ceipdeolveira.org\/radio\/wp-json\/wp\/v2\/users\/18"}],"replies":[{"embeddable":true,"href":"https:\/\/bitacoras.ceipdeolveira.org\/radio\/wp-json\/wp\/v2\/comments?post=460"}],"version-history":[{"count":8,"href":"https:\/\/bitacoras.ceipdeolveira.org\/radio\/wp-json\/wp\/v2\/posts\/460\/revisions"}],"predecessor-version":[{"id":552,"href":"https:\/\/bitacoras.ceipdeolveira.org\/radio\/wp-json\/wp\/v2\/posts\/460\/revisions\/552"}],"wp:attachment":[{"href":"https:\/\/bitacoras.ceipdeolveira.org\/radio\/wp-json\/wp\/v2\/media?parent=460"}],"wp:term":[{"taxonomy":"category","embeddable":true,"href":"https:\/\/bitacoras.ceipdeolveira.org\/radio\/wp-json\/wp\/v2\/categories?post=460"},{"taxonomy":"post_tag","embeddable":true,"href":"https:\/\/bitacoras.ceipdeolveira.org\/radio\/wp-json\/wp\/v2\/tags?post=460"}],"curies":[{"name":"wp","href":"https:\/\/api.w.org\/{rel}","templated":true}]}}