{"id":470,"date":"2022-02-13T09:00:35","date_gmt":"2022-02-13T08:00:35","guid":{"rendered":"http:\/\/bitacoras.ceipdeolveira.org\/radio\/?p=470"},"modified":"2022-02-16T12:44:39","modified_gmt":"2022-02-16T11:44:39","slug":"dia-mundial-da-radio-2022","status":"publish","type":"post","link":"https:\/\/bitacoras.ceipdeolveira.org\/radio\/2022\/02\/13\/dia-mundial-da-radio-2022\/","title":{"rendered":"D\u00cdA MUNDIAL DA RADIO 2022"},"content":{"rendered":"\n<p>O alumnado do CEIP de Olveira non quer\u00eda quedar sen conmemorar este d\u00eda, as\u00ed que, dende Supercoleondas, gravamos este podcast atendendo \u00e1 proposta da Rede Espora&#8230; ollo&#8230; que ten sorporesa final!!<\/p>\n\n\n\n<hr class=\"wp-block-separator\"\/>\n\n\n\n<iframe id=\"audio_82060888\" frameborder=\"0\" allowfullscreen=\"\" scrolling=\"no\" height=\"200\" style=\"border:1px solid #EEE; box-sizing:border-box; width:100%;\" src=\"https:\/\/www.ivoox.com\/player_ej_82060888_4_1.html?c1=ff6600\" loading=\"lazy\"><\/iframe>\n\n\n\n<hr class=\"wp-block-separator\"\/>\n\n\n\n<p class=\"has-text-align-center has-small-font-size\"><strong>NOTA SOBRE OS DEREITOS DE AUTOR<\/strong><\/p>\n\n\n\n<p class=\"has-text-align-center has-small-font-size\"><strong>AUDIO DE FONDO<br><\/strong>CANCI\u00d3N 1: <a href=\"http:\/\/ccmixter.org\/people\/texasradiofish\">texasradiofish<\/a>, <em>Brush Strokes<\/em>, en <a href=\"http:\/\/ccmixter.org\/files\/koi_discovery\/64683\">ccmixter.org<\/a>, <a href=\"http:\/\/creativecommons.org\/licenses\/by-nc\/3.0\/\">Licenza CC BY NC<\/a><br>CANCI\u00d3N 2: <a href=\"http:\/\/ccmixter.org\/people\/koi_discovery\">koi_discovery<\/a>, <em>Omega<\/em>, en <a href=\"http:\/\/ccmixter.org\/files\/koi_discovery\/64683\">ccmixter.org<\/a>, <a href=\"http:\/\/creativecommons.org\/licenses\/by-nc\/3.0\/\">Licenza CC BY NC<\/a><br>CANCI\u00d3N 3: <a href=\"http:\/\/ccmixter.org\/people\/mactonite\">Darkroom<\/a>, <em>CCFunk<\/em>, en <a href=\"http:\/\/ccmixter.org\/files\/mactonite\/64666\">ccmixter.org<\/a>, <a href=\"http:\/\/ccmixter.org\/ccskins\/shared\/images\/lics\/by-3.png\">Licenza CC BY<\/a><\/p>\n\n\n\n<p class=\"has-text-align-center has-small-font-size\"><strong>IMAXEN<\/strong><br><a href=\"https:\/\/www.pexels.com\/es-es\/@olly\">Andrea Piacquadio<\/a>, <em>Grabadora De Cinta De Radio Retro En Taller<\/em>, en <a href=\"https:\/\/www.pexels.com\/es-es\/foto\/grabadora-de-cinta-de-radio-retro-en-taller-3822728\/\">Pexels.com<\/a>, <a href=\"https:\/\/www.pexels.com\/es-es\/license\/\">Licenza CC 0<\/a><\/p>\n","protected":false},"excerpt":{"rendered":"<p>O alumnado do CEIP de Olveira non quer\u00eda quedar sen conmemorar este d\u00eda, as\u00ed que, dende Supercoleondas, gravamos este podcast atendendo \u00e1 proposta da Rede Espora&#8230; ollo&#8230; que ten sorporesa final!! NOTA SOBRE OS DEREITOS DE AUTOR AUDIO DE FONDOCANCI\u00d3N &hellip; <a href=\"https:\/\/bitacoras.ceipdeolveira.org\/radio\/2022\/02\/13\/dia-mundial-da-radio-2022\/\">Sigue lendo <span class=\"meta-nav\">&rarr;<\/span><\/a><\/p>\n","protected":false},"author":18,"featured_media":0,"comment_status":"open","ping_status":"open","sticky":false,"template":"","format":"standard","meta":{"footnotes":""},"categories":[38,14,21],"tags":[],"class_list":["post-470","post","type-post","status-publish","format-standard","hentry","category-curso-21-22","category-podcast","category-radio-en-directo"],"_links":{"self":[{"href":"https:\/\/bitacoras.ceipdeolveira.org\/radio\/wp-json\/wp\/v2\/posts\/470","targetHints":{"allow":["GET"]}}],"collection":[{"href":"https:\/\/bitacoras.ceipdeolveira.org\/radio\/wp-json\/wp\/v2\/posts"}],"about":[{"href":"https:\/\/bitacoras.ceipdeolveira.org\/radio\/wp-json\/wp\/v2\/types\/post"}],"author":[{"embeddable":true,"href":"https:\/\/bitacoras.ceipdeolveira.org\/radio\/wp-json\/wp\/v2\/users\/18"}],"replies":[{"embeddable":true,"href":"https:\/\/bitacoras.ceipdeolveira.org\/radio\/wp-json\/wp\/v2\/comments?post=470"}],"version-history":[{"count":2,"href":"https:\/\/bitacoras.ceipdeolveira.org\/radio\/wp-json\/wp\/v2\/posts\/470\/revisions"}],"predecessor-version":[{"id":493,"href":"https:\/\/bitacoras.ceipdeolveira.org\/radio\/wp-json\/wp\/v2\/posts\/470\/revisions\/493"}],"wp:attachment":[{"href":"https:\/\/bitacoras.ceipdeolveira.org\/radio\/wp-json\/wp\/v2\/media?parent=470"}],"wp:term":[{"taxonomy":"category","embeddable":true,"href":"https:\/\/bitacoras.ceipdeolveira.org\/radio\/wp-json\/wp\/v2\/categories?post=470"},{"taxonomy":"post_tag","embeddable":true,"href":"https:\/\/bitacoras.ceipdeolveira.org\/radio\/wp-json\/wp\/v2\/tags?post=470"}],"curies":[{"name":"wp","href":"https:\/\/api.w.org\/{rel}","templated":true}]}}