{"id":476,"date":"2022-01-30T13:10:00","date_gmt":"2022-01-30T12:10:00","guid":{"rendered":"http:\/\/bitacoras.ceipdeolveira.org\/radio\/?p=476"},"modified":"2022-02-16T12:45:55","modified_gmt":"2022-02-16T11:45:55","slug":"dia-da-paz-2022-biografias-premios-nobel","status":"publish","type":"post","link":"https:\/\/bitacoras.ceipdeolveira.org\/radio\/2022\/01\/30\/dia-da-paz-2022-biografias-premios-nobel\/","title":{"rendered":"D\u00cdA DA PAZ (2022) | Biograf\u00edas Premios Nobel"},"content":{"rendered":"\n<p>O alumnado de 6\u00ba de Educaci\u00f3n Primaria de Relixi\u00f3n e Valores Sociais e C\u00edvicos fixeron un traballo conxunto con motivo da celebraci\u00f3n do D\u00eda da Paz.<br><br>O traballo consistiu en confeccionar unha breves biograf\u00edas sobre os Premios Nobel da Paz concedidos no continente europeo.<br><\/p>\n\n\n\n<hr class=\"wp-block-separator\"\/>\n\n\n\n<iframe id=\"audio_82157681\" frameborder=\"0\" allowfullscreen=\"\" scrolling=\"no\" height=\"200\" style=\"border:1px solid #EEE; box-sizing:border-box; width:100%;\" src=\"https:\/\/www.ivoox.com\/player_ej_82157681_4_1.html?c1=ff6600\" loading=\"lazy\"><\/iframe>\n\n\n\n<hr class=\"wp-block-separator\"\/>\n\n\n\n<p class=\"has-text-align-center has-small-font-size\"><br><strong>NOTA SOBRE OS DEREITOS DE AUTOR<br><\/strong><br><strong>AUDIO DE FONDO<br><\/strong><a href=\"http:\/\/ccmixter.org\/people\/koi_discovery\">koi_discovery<\/a>, <em>Retrospection<\/em>, en <a href=\"http:\/\/ccmixter.org\/files\/koi_discovery\/64688\">ccmixter.org<\/a>, <a href=\"http:\/\/creativecommons.org\/licenses\/by\/3.0\/\">Licenza CC BY<\/a><br><br><strong>IMAXEN<\/strong><br><a href=\"https:\/\/www.pexels.com\/es-es\/@artempodrez\">Artem Podrez<\/a>, <em>vuelo-naturaleza-moda-hombre<\/em>, en <a href=\"https:\/\/www.pexels.com\/es-es\/foto\/vuelo-naturaleza-moda-hombre-7048672\/\">pexels.com<\/a>, <a href=\"https:\/\/www.pexels.com\/es-es\/license\/\">Licenza CC 0<\/a><br><br><\/p>\n","protected":false},"excerpt":{"rendered":"<p>O alumnado de 6\u00ba de Educaci\u00f3n Primaria de Relixi\u00f3n e Valores Sociais e C\u00edvicos fixeron un traballo conxunto con motivo da celebraci\u00f3n do D\u00eda da Paz. O traballo consistiu en confeccionar unha breves biograf\u00edas sobre os Premios Nobel da Paz &hellip; <a href=\"https:\/\/bitacoras.ceipdeolveira.org\/radio\/2022\/01\/30\/dia-da-paz-2022-biografias-premios-nobel\/\">Sigue lendo <span class=\"meta-nav\">&rarr;<\/span><\/a><\/p>\n","protected":false},"author":74,"featured_media":0,"comment_status":"open","ping_status":"open","sticky":false,"template":"","format":"standard","meta":{"footnotes":""},"categories":[46,38,42,14],"tags":[],"class_list":["post-476","post","type-post","status-publish","format-standard","hentry","category-celebracions","category-curso-21-22","category-dia-da-paz","category-podcast"],"_links":{"self":[{"href":"https:\/\/bitacoras.ceipdeolveira.org\/radio\/wp-json\/wp\/v2\/posts\/476","targetHints":{"allow":["GET"]}}],"collection":[{"href":"https:\/\/bitacoras.ceipdeolveira.org\/radio\/wp-json\/wp\/v2\/posts"}],"about":[{"href":"https:\/\/bitacoras.ceipdeolveira.org\/radio\/wp-json\/wp\/v2\/types\/post"}],"author":[{"embeddable":true,"href":"https:\/\/bitacoras.ceipdeolveira.org\/radio\/wp-json\/wp\/v2\/users\/74"}],"replies":[{"embeddable":true,"href":"https:\/\/bitacoras.ceipdeolveira.org\/radio\/wp-json\/wp\/v2\/comments?post=476"}],"version-history":[{"count":5,"href":"https:\/\/bitacoras.ceipdeolveira.org\/radio\/wp-json\/wp\/v2\/posts\/476\/revisions"}],"predecessor-version":[{"id":494,"href":"https:\/\/bitacoras.ceipdeolveira.org\/radio\/wp-json\/wp\/v2\/posts\/476\/revisions\/494"}],"wp:attachment":[{"href":"https:\/\/bitacoras.ceipdeolveira.org\/radio\/wp-json\/wp\/v2\/media?parent=476"}],"wp:term":[{"taxonomy":"category","embeddable":true,"href":"https:\/\/bitacoras.ceipdeolveira.org\/radio\/wp-json\/wp\/v2\/categories?post=476"},{"taxonomy":"post_tag","embeddable":true,"href":"https:\/\/bitacoras.ceipdeolveira.org\/radio\/wp-json\/wp\/v2\/tags?post=476"}],"curies":[{"name":"wp","href":"https:\/\/api.w.org\/{rel}","templated":true}]}}