{"id":515,"date":"2022-03-08T17:13:48","date_gmt":"2022-03-08T16:13:48","guid":{"rendered":"https:\/\/bitacoras.ceipdeolveira.org\/radio\/?p=515"},"modified":"2022-03-08T17:16:26","modified_gmt":"2022-03-08T16:16:26","slug":"cancion-8-marzo-dia-da-muller-2022","status":"publish","type":"post","link":"https:\/\/bitacoras.ceipdeolveira.org\/radio\/2022\/03\/08\/cancion-8-marzo-dia-da-muller-2022\/","title":{"rendered":"CANCI\u00d3N | 8 MARZO &#8211; D\u00cdA DA MULLER (2022)"},"content":{"rendered":"\n<p>Hoxe cambiamos a canci\u00f3n do noso &#8216;timbre musical&#8217; por mor do D\u00eda da Muller. Nesta ocasi\u00f3n soou o tema das Tanxugueiras: &#8220;Que non mo neguen&#8221;. Aqu\u00ed volo deixamos por se queredes ecoitalo.<\/p>\n\n\n\n<p>Por t\u00f3dalas mulleres do Mundo, sen v\u00f3s nada ser\u00eda posible!!<\/p>\n\n\n\n<center><iframe loading=\"lazy\" width=\"560\" height=\"315\" src=\"https:\/\/www.youtube.com\/embed\/riXsyaKDaL0\" title=\"YouTube video player\" frameborder=\"0\" allow=\"accelerometer; autoplay; clipboard-write; encrypted-media; gyroscope; picture-in-picture\" allowfullscreen=\"\"><\/iframe><\/center>\n\n\n\n<hr class=\"wp-block-separator\"\/>\n\n\n\n<p class=\"has-text-align-center\"><strong>QUE NON MO NEGUEN (TANXUGUEIRAS)<\/strong><\/p>\n\n\n\n<p class=\"has-text-align-center\">Fago todo o que eu quero<br>E o que me sae de dentro<br>Non preciso de ningu\u00e9n<br>Que eu mesma xa me chego<\/p>\n\n\n\n<p class=\"has-text-align-center\">Son muller forte e libre<br>Non hai ningu\u00e9n que mo negue<br>E se algu\u00e9n o intentara<br>Que mala febre o leve<\/p>\n\n\n\n<p class=\"has-text-align-center\">Eu e m\u00e1is v\u00f3s compa\u00f1eiras<br>Eu e m\u00e1is v\u00f3s camaradas<br>Cantamos e arruamos<br>Facemo-la foliada<\/p>\n\n\n\n<p class=\"has-text-align-center\">Son muller forte e libre<br>Non hai ningu\u00e9n que mo negue<br>E se algu\u00e9n o intentara<br>Que mala febre o leve<br>Que mala febre o leve<br>Ai lalal\u00e1, ai lal\u00e1<\/p>\n\n\n\n<p class=\"has-text-align-center\">O cantar \u00e9 das solteiras<br>O cantar \u00e9 das solteiras<br>Tam\u00e9n che \u00e9 das casadas<br>Cando son foliaderas<\/p>\n\n\n\n<p class=\"has-text-align-center\">Son muller forte e libre<br>Non hai ningu\u00e9n que mo negue<br>E se algu\u00e9n o intentara<br>Que mala febre o leve<\/p>\n\n\n\n<p class=\"has-text-align-center\">Vivamos n\u00f3s as mulleres<br>Berremos todas ben alto<br>Que viva a nosa fala<br>E que viva o noso canto<\/p>\n\n\n\n<p class=\"has-text-align-center\">Son muller forte e libre<br>Non hai ningu\u00e9n que mo negue<br>E se algu\u00e9n o intentara<br>Que mala febre o leve<br>Que mala febre o leve<br>Ai lalal\u00e1, ai lal\u00e1<br><\/p>\n","protected":false},"excerpt":{"rendered":"<p>Hoxe cambiamos a canci\u00f3n do noso &#8216;timbre musical&#8217; por mor do D\u00eda da Muller. Nesta ocasi\u00f3n soou o tema das Tanxugueiras: &#8220;Que non mo neguen&#8221;. Aqu\u00ed volo deixamos por se queredes ecoitalo. Por t\u00f3dalas mulleres do Mundo, sen v\u00f3s nada &hellip; <a href=\"https:\/\/bitacoras.ceipdeolveira.org\/radio\/2022\/03\/08\/cancion-8-marzo-dia-da-muller-2022\/\">Sigue lendo <span class=\"meta-nav\">&rarr;<\/span><\/a><\/p>\n","protected":false},"author":18,"featured_media":0,"comment_status":"open","ping_status":"open","sticky":false,"template":"","format":"standard","meta":{"footnotes":""},"categories":[34,38,47],"tags":[],"class_list":["post-515","post","type-post","status-publish","format-standard","hentry","category-cancion","category-curso-21-22","category-dia-da-muller"],"_links":{"self":[{"href":"https:\/\/bitacoras.ceipdeolveira.org\/radio\/wp-json\/wp\/v2\/posts\/515","targetHints":{"allow":["GET"]}}],"collection":[{"href":"https:\/\/bitacoras.ceipdeolveira.org\/radio\/wp-json\/wp\/v2\/posts"}],"about":[{"href":"https:\/\/bitacoras.ceipdeolveira.org\/radio\/wp-json\/wp\/v2\/types\/post"}],"author":[{"embeddable":true,"href":"https:\/\/bitacoras.ceipdeolveira.org\/radio\/wp-json\/wp\/v2\/users\/18"}],"replies":[{"embeddable":true,"href":"https:\/\/bitacoras.ceipdeolveira.org\/radio\/wp-json\/wp\/v2\/comments?post=515"}],"version-history":[{"count":3,"href":"https:\/\/bitacoras.ceipdeolveira.org\/radio\/wp-json\/wp\/v2\/posts\/515\/revisions"}],"predecessor-version":[{"id":519,"href":"https:\/\/bitacoras.ceipdeolveira.org\/radio\/wp-json\/wp\/v2\/posts\/515\/revisions\/519"}],"wp:attachment":[{"href":"https:\/\/bitacoras.ceipdeolveira.org\/radio\/wp-json\/wp\/v2\/media?parent=515"}],"wp:term":[{"taxonomy":"category","embeddable":true,"href":"https:\/\/bitacoras.ceipdeolveira.org\/radio\/wp-json\/wp\/v2\/categories?post=515"},{"taxonomy":"post_tag","embeddable":true,"href":"https:\/\/bitacoras.ceipdeolveira.org\/radio\/wp-json\/wp\/v2\/tags?post=515"}],"curies":[{"name":"wp","href":"https:\/\/api.w.org\/{rel}","templated":true}]}}