{"id":589,"date":"2023-01-31T22:56:39","date_gmt":"2023-01-31T21:56:39","guid":{"rendered":"https:\/\/bitacoras.ceipdeolveira.org\/radio\/?p=589"},"modified":"2023-02-07T17:27:50","modified_gmt":"2023-02-07T16:27:50","slug":"video-dia-da-paz-e-non-violencia","status":"publish","type":"post","link":"https:\/\/bitacoras.ceipdeolveira.org\/radio\/2023\/01\/31\/video-dia-da-paz-e-non-violencia\/","title":{"rendered":"V\u00cdDEO | D\u00eda da Paz e Non Violencia"},"content":{"rendered":"\n<div style=\"padding:75% 0 0 0;position:relative;\"><iframe src=\"https:\/\/player.vimeo.com\/video\/796691709?h=383bb8b631&amp;badge=0&amp;autopause=0&amp;player_id=0&amp;app_id=58479\" frameborder=\"0\" allow=\"autoplay; fullscreen; picture-in-picture\" allowfullscreen style=\"position:absolute;top:0;left:0;width:100%;height:100%;\" title=\"NOTAS POR LA PAZ - CEIP de Olveira (2023)\"><\/iframe><\/div><script src=\"https:\/\/player.vimeo.com\/api\/player.js\"><\/script>\n\n\n\n<p>Este ano, polo &#8216;D\u00eda da Paz e Non Violencia&#8217; traballamos a canci\u00f3n &#8216;Da tu nota por la Paz&#8217; de Unai Quir\u00f3s e gravamos a canci\u00f3n no noso estudo da radio para facer v\u00eddeo en &#8216;plano secuencia&#8217; por todo o noso cole. A ver que vos parece!!<\/p>\n","protected":false},"excerpt":{"rendered":"<p>Este ano, polo &#8216;D\u00eda da Paz e Non Violencia&#8217; traballamos a canci\u00f3n &#8216;Da tu nota por la Paz&#8217; de Unai Quir\u00f3s e gravamos a canci\u00f3n no noso estudo da radio para facer v\u00eddeo en &#8216;plano secuencia&#8217; por todo o noso &hellip; <a href=\"https:\/\/bitacoras.ceipdeolveira.org\/radio\/2023\/01\/31\/video-dia-da-paz-e-non-violencia\/\">Sigue lendo <span class=\"meta-nav\">&rarr;<\/span><\/a><\/p>\n","protected":false},"author":18,"featured_media":0,"comment_status":"open","ping_status":"open","sticky":false,"template":"","format":"standard","meta":{"footnotes":""},"categories":[52,42,1,13],"tags":[],"class_list":["post-589","post","type-post","status-publish","format-standard","hentry","category-curso-22-23","category-dia-da-paz","category-sen-categoria","category-videos"],"_links":{"self":[{"href":"https:\/\/bitacoras.ceipdeolveira.org\/radio\/wp-json\/wp\/v2\/posts\/589","targetHints":{"allow":["GET"]}}],"collection":[{"href":"https:\/\/bitacoras.ceipdeolveira.org\/radio\/wp-json\/wp\/v2\/posts"}],"about":[{"href":"https:\/\/bitacoras.ceipdeolveira.org\/radio\/wp-json\/wp\/v2\/types\/post"}],"author":[{"embeddable":true,"href":"https:\/\/bitacoras.ceipdeolveira.org\/radio\/wp-json\/wp\/v2\/users\/18"}],"replies":[{"embeddable":true,"href":"https:\/\/bitacoras.ceipdeolveira.org\/radio\/wp-json\/wp\/v2\/comments?post=589"}],"version-history":[{"count":5,"href":"https:\/\/bitacoras.ceipdeolveira.org\/radio\/wp-json\/wp\/v2\/posts\/589\/revisions"}],"predecessor-version":[{"id":602,"href":"https:\/\/bitacoras.ceipdeolveira.org\/radio\/wp-json\/wp\/v2\/posts\/589\/revisions\/602"}],"wp:attachment":[{"href":"https:\/\/bitacoras.ceipdeolveira.org\/radio\/wp-json\/wp\/v2\/media?parent=589"}],"wp:term":[{"taxonomy":"category","embeddable":true,"href":"https:\/\/bitacoras.ceipdeolveira.org\/radio\/wp-json\/wp\/v2\/categories?post=589"},{"taxonomy":"post_tag","embeddable":true,"href":"https:\/\/bitacoras.ceipdeolveira.org\/radio\/wp-json\/wp\/v2\/tags?post=589"}],"curies":[{"name":"wp","href":"https:\/\/api.w.org\/{rel}","templated":true}]}}