{"id":594,"date":"2023-02-12T12:22:39","date_gmt":"2023-02-12T11:22:39","guid":{"rendered":"https:\/\/bitacoras.ceipdeolveira.org\/radio\/?p=594"},"modified":"2023-02-15T17:52:46","modified_gmt":"2023-02-15T16:52:46","slug":"podcast-dia-mundial-da-radio-13-febreiro","status":"publish","type":"post","link":"https:\/\/bitacoras.ceipdeolveira.org\/radio\/2023\/02\/12\/podcast-dia-mundial-da-radio-13-febreiro\/","title":{"rendered":"PODCAST | D\u00cdA MUNDIAL DA RADIO (13 Febreiro)"},"content":{"rendered":"\n<iframe src=\"https:\/\/anchor.fm\/supercoleondas\/embed\/episodes\/DA-MUNDIAL-DA-RADIO-2023-Unha-radio-para-a-Paz-e1v12pn\" width=\"100%\" frameborder=\"0\" scrolling=\"no\"><\/iframe>\n\n\n\n<p>O alumnado do CEIP de Olveira non quer\u00eda quedar sen conmemorar este d\u00eda, as\u00ed que, dende Supercoleondas, gravamos este podcast atendendo \u00e1 proposta da Rede Espora. Esperamos que vos guste!<\/p>\n\n\n\n<p class=\"has-text-align-center has-small-font-size\"><strong>\u2014\u2014\u2014\u2014\u2014\u2014\u2014\u2014\u2014\u2014\u2014\u2014<\/strong><\/p>\n\n\n\n<p class=\"has-text-align-center has-small-font-size\"><strong>NOTA SOBRE OS DEREITOS DE AUTOR<\/strong><\/p>\n\n\n\n<p class=\"has-text-align-center has-small-font-size\"><strong>AUDIO DE FONDO<\/strong><br><a href=\"http:\/\/ccmixter.org\/people\/sunbyrn\">sunbyrn<\/a>, &#8220;XPR&#8221;, en<a href=\"http:\/\/ccmixter.org\/files\/sunbyrn\/1305\"> ccmixter.org<\/a>, <a href=\"https:\/\/creativecommons.org\/licenses\/by\/2.5\/\">Licenza CC BY<\/a><\/p>\n\n\n\n<p class=\"has-text-align-center has-small-font-size\"><strong>IMAXEN<\/strong><br><a href=\"https:\/\/www.pexels.com\/@captaintaha9\/\">Muhammad-taha Ibrahim<\/a>, &#8220;Low angle photography of man carrying a short wave radio&#8221;, en <a href=\"https:\/\/www.pexels.com\/photo\/low-angle-photography-of-man-carrying-a-short-wave-radio-3310871\/\">Pexels<\/a>, <a href=\"https:\/\/www.pexels.com\/license\/\">Licenza CC 0<\/a><\/p>\n","protected":false},"excerpt":{"rendered":"<p>O alumnado do CEIP de Olveira non quer\u00eda quedar sen conmemorar este d\u00eda, as\u00ed que, dende Supercoleondas, gravamos este podcast atendendo \u00e1 proposta da Rede Espora. Esperamos que vos guste! \u2014\u2014\u2014\u2014\u2014\u2014\u2014\u2014\u2014\u2014\u2014\u2014 NOTA SOBRE OS DEREITOS DE AUTOR AUDIO DE FONDOsunbyrn, &hellip; <a href=\"https:\/\/bitacoras.ceipdeolveira.org\/radio\/2023\/02\/12\/podcast-dia-mundial-da-radio-13-febreiro\/\">Sigue lendo <span class=\"meta-nav\">&rarr;<\/span><\/a><\/p>\n","protected":false},"author":18,"featured_media":0,"comment_status":"open","ping_status":"open","sticky":false,"template":"","format":"standard","meta":{"footnotes":""},"categories":[52,45,14],"tags":[],"class_list":["post-594","post","type-post","status-publish","format-standard","hentry","category-curso-22-23","category-dia-mundial-da-radio","category-podcast"],"_links":{"self":[{"href":"https:\/\/bitacoras.ceipdeolveira.org\/radio\/wp-json\/wp\/v2\/posts\/594","targetHints":{"allow":["GET"]}}],"collection":[{"href":"https:\/\/bitacoras.ceipdeolveira.org\/radio\/wp-json\/wp\/v2\/posts"}],"about":[{"href":"https:\/\/bitacoras.ceipdeolveira.org\/radio\/wp-json\/wp\/v2\/types\/post"}],"author":[{"embeddable":true,"href":"https:\/\/bitacoras.ceipdeolveira.org\/radio\/wp-json\/wp\/v2\/users\/18"}],"replies":[{"embeddable":true,"href":"https:\/\/bitacoras.ceipdeolveira.org\/radio\/wp-json\/wp\/v2\/comments?post=594"}],"version-history":[{"count":4,"href":"https:\/\/bitacoras.ceipdeolveira.org\/radio\/wp-json\/wp\/v2\/posts\/594\/revisions"}],"predecessor-version":[{"id":614,"href":"https:\/\/bitacoras.ceipdeolveira.org\/radio\/wp-json\/wp\/v2\/posts\/594\/revisions\/614"}],"wp:attachment":[{"href":"https:\/\/bitacoras.ceipdeolveira.org\/radio\/wp-json\/wp\/v2\/media?parent=594"}],"wp:term":[{"taxonomy":"category","embeddable":true,"href":"https:\/\/bitacoras.ceipdeolveira.org\/radio\/wp-json\/wp\/v2\/categories?post=594"},{"taxonomy":"post_tag","embeddable":true,"href":"https:\/\/bitacoras.ceipdeolveira.org\/radio\/wp-json\/wp\/v2\/tags?post=594"}],"curies":[{"name":"wp","href":"https:\/\/api.w.org\/{rel}","templated":true}]}}