{"id":771,"date":"2024-11-04T23:33:20","date_gmt":"2024-11-04T22:33:20","guid":{"rendered":"https:\/\/bitacoras.ceipdeolveira.org\/radio\/?p=771"},"modified":"2024-11-04T23:38:10","modified_gmt":"2024-11-04T22:38:10","slug":"o-samain-ceip-de-olveira-2024","status":"publish","type":"post","link":"https:\/\/bitacoras.ceipdeolveira.org\/radio\/2024\/11\/04\/o-samain-ceip-de-olveira-2024\/","title":{"rendered":"O SAMA\u00cdN | CEIP de Olveira 2024"},"content":{"rendered":"\n<p>Como non pod\u00eda ser doutro xeito, o Sama\u00edn entrou con forza en Olveira e f\u00edxonos pasar momentos moi divertidos como estes:<\/p>\n\n\n\n<center><iframe loading=\"lazy\" src=\"https:\/\/drive.google.com\/file\/d\/1qGArmzI62iElrP3_NjTTa-dY5hhnrG3f\/preview\" width=\"560\" height=\"315\"><\/iframe><\/center>\n","protected":false},"excerpt":{"rendered":"<p>Como non pod\u00eda ser doutro xeito, o Sama\u00edn entrou con forza en Olveira e f\u00edxonos pasar momentos moi divertidos como estes:<\/p>\n","protected":false},"author":18,"featured_media":0,"comment_status":"open","ping_status":"open","sticky":false,"template":"","format":"standard","meta":{"footnotes":""},"categories":[61,34,46,62,10,13],"tags":[],"class_list":["post-771","post","type-post","status-publish","format-standard","hentry","category-actuacion","category-cancion","category-celebracions","category-curso-24-25","category-samain","category-videos"],"_links":{"self":[{"href":"https:\/\/bitacoras.ceipdeolveira.org\/radio\/wp-json\/wp\/v2\/posts\/771","targetHints":{"allow":["GET"]}}],"collection":[{"href":"https:\/\/bitacoras.ceipdeolveira.org\/radio\/wp-json\/wp\/v2\/posts"}],"about":[{"href":"https:\/\/bitacoras.ceipdeolveira.org\/radio\/wp-json\/wp\/v2\/types\/post"}],"author":[{"embeddable":true,"href":"https:\/\/bitacoras.ceipdeolveira.org\/radio\/wp-json\/wp\/v2\/users\/18"}],"replies":[{"embeddable":true,"href":"https:\/\/bitacoras.ceipdeolveira.org\/radio\/wp-json\/wp\/v2\/comments?post=771"}],"version-history":[{"count":3,"href":"https:\/\/bitacoras.ceipdeolveira.org\/radio\/wp-json\/wp\/v2\/posts\/771\/revisions"}],"predecessor-version":[{"id":774,"href":"https:\/\/bitacoras.ceipdeolveira.org\/radio\/wp-json\/wp\/v2\/posts\/771\/revisions\/774"}],"wp:attachment":[{"href":"https:\/\/bitacoras.ceipdeolveira.org\/radio\/wp-json\/wp\/v2\/media?parent=771"}],"wp:term":[{"taxonomy":"category","embeddable":true,"href":"https:\/\/bitacoras.ceipdeolveira.org\/radio\/wp-json\/wp\/v2\/categories?post=771"},{"taxonomy":"post_tag","embeddable":true,"href":"https:\/\/bitacoras.ceipdeolveira.org\/radio\/wp-json\/wp\/v2\/tags?post=771"}],"curies":[{"name":"wp","href":"https:\/\/api.w.org\/{rel}","templated":true}]}}