{"id":778,"date":"2024-11-21T21:19:10","date_gmt":"2024-11-21T20:19:10","guid":{"rendered":"https:\/\/bitacoras.ceipdeolveira.org\/radio\/?p=778"},"modified":"2024-11-21T21:19:37","modified_gmt":"2024-11-21T20:19:37","slug":"dia-da-infancia-ceip-de-olveira-2024","status":"publish","type":"post","link":"https:\/\/bitacoras.ceipdeolveira.org\/radio\/2024\/11\/21\/dia-da-infancia-ceip-de-olveira-2024\/","title":{"rendered":"DIA DA INFANCIA | CEIP de Olveira 2024"},"content":{"rendered":"\n<p>Para conmemorar o D\u00eda Internacional da Infancia, o alumnado do centro coa axuda da s\u00faa mestra de m\u00fasica prepararon unha canci\u00f3n moi animada: Xirarei Now! de Ux\u00eda Lambona e a Banda Molona.<\/p>\n\n\n\n<p>Moitos parab\u00e9ns polo traballo!!!<\/p>\n\n\n\n<center><iframe loading=\"lazy\" src=\"https:\/\/drive.google.com\/file\/d\/1TNytAGw5jPb97qqxiKdrqTOFrl264uYw\/preview\" width=\"560\" height=\"315\"><\/iframe><\/center>\n\n\n\n<p>  <\/p>\n\n\n\n<p><\/p>\n","protected":false},"excerpt":{"rendered":"<p>Para conmemorar o D\u00eda Internacional da Infancia, o alumnado do centro coa axuda da s\u00faa mestra de m\u00fasica prepararon unha canci\u00f3n moi animada: Xirarei Now! de Ux\u00eda Lambona e a Banda Molona. Moitos parab\u00e9ns polo traballo!!!<\/p>\n","protected":false},"author":18,"featured_media":0,"comment_status":"open","ping_status":"open","sticky":false,"template":"","format":"standard","meta":{"footnotes":""},"categories":[61,46,62,15,13],"tags":[],"class_list":["post-778","post","type-post","status-publish","format-standard","hentry","category-actuacion","category-celebracions","category-curso-24-25","category-dereitos-dos-nenos","category-videos"],"_links":{"self":[{"href":"https:\/\/bitacoras.ceipdeolveira.org\/radio\/wp-json\/wp\/v2\/posts\/778","targetHints":{"allow":["GET"]}}],"collection":[{"href":"https:\/\/bitacoras.ceipdeolveira.org\/radio\/wp-json\/wp\/v2\/posts"}],"about":[{"href":"https:\/\/bitacoras.ceipdeolveira.org\/radio\/wp-json\/wp\/v2\/types\/post"}],"author":[{"embeddable":true,"href":"https:\/\/bitacoras.ceipdeolveira.org\/radio\/wp-json\/wp\/v2\/users\/18"}],"replies":[{"embeddable":true,"href":"https:\/\/bitacoras.ceipdeolveira.org\/radio\/wp-json\/wp\/v2\/comments?post=778"}],"version-history":[{"count":2,"href":"https:\/\/bitacoras.ceipdeolveira.org\/radio\/wp-json\/wp\/v2\/posts\/778\/revisions"}],"predecessor-version":[{"id":780,"href":"https:\/\/bitacoras.ceipdeolveira.org\/radio\/wp-json\/wp\/v2\/posts\/778\/revisions\/780"}],"wp:attachment":[{"href":"https:\/\/bitacoras.ceipdeolveira.org\/radio\/wp-json\/wp\/v2\/media?parent=778"}],"wp:term":[{"taxonomy":"category","embeddable":true,"href":"https:\/\/bitacoras.ceipdeolveira.org\/radio\/wp-json\/wp\/v2\/categories?post=778"},{"taxonomy":"post_tag","embeddable":true,"href":"https:\/\/bitacoras.ceipdeolveira.org\/radio\/wp-json\/wp\/v2\/tags?post=778"}],"curies":[{"name":"wp","href":"https:\/\/api.w.org\/{rel}","templated":true}]}}