{"id":791,"date":"2024-12-22T12:31:59","date_gmt":"2024-12-22T11:31:59","guid":{"rendered":"https:\/\/bitacoras.ceipdeolveira.org\/radio\/?p=791"},"modified":"2024-12-22T12:31:59","modified_gmt":"2024-12-22T11:31:59","slug":"festival-de-nadal-ceip-de-olveira-2024","status":"publish","type":"post","link":"https:\/\/bitacoras.ceipdeolveira.org\/radio\/2024\/12\/22\/festival-de-nadal-ceip-de-olveira-2024\/","title":{"rendered":"FESTIVAL DE NADAL| CEIP de Olveira 2024"},"content":{"rendered":"\n<p>Como cada ano por estas datas o alumnado de Olveira ven a representarnos con alegr\u00eda e bo facer as s\u00faas panxoli\u00f1as preferidas.<\/p>\n\n\n\n<p>Moitos parab\u00e9ns, rapazada! E que pasedes un moi bo Nadal!<\/p>\n\n\n\n<center><iframe loading=\"lazy\" src=\"\nhttps:\/\/drive.google.com\/file\/d\/1XPIRiUfB2qKjx0TRnxZLcgawda5snNyc\/preview\" width=\"560\" height=\"315\"><\/iframe><\/center>\n","protected":false},"excerpt":{"rendered":"<p>Como cada ano por estas datas o alumnado de Olveira ven a representarnos con alegr\u00eda e bo facer as s\u00faas panxoli\u00f1as preferidas. Moitos parab\u00e9ns, rapazada! E que pasedes un moi bo Nadal!<\/p>\n","protected":false},"author":18,"featured_media":0,"comment_status":"open","ping_status":"open","sticky":false,"template":"","format":"standard","meta":{"footnotes":""},"categories":[61,62,64,41],"tags":[],"class_list":["post-791","post","type-post","status-publish","format-standard","hentry","category-actuacion","category-curso-24-25","category-festival","category-nadal"],"_links":{"self":[{"href":"https:\/\/bitacoras.ceipdeolveira.org\/radio\/wp-json\/wp\/v2\/posts\/791","targetHints":{"allow":["GET"]}}],"collection":[{"href":"https:\/\/bitacoras.ceipdeolveira.org\/radio\/wp-json\/wp\/v2\/posts"}],"about":[{"href":"https:\/\/bitacoras.ceipdeolveira.org\/radio\/wp-json\/wp\/v2\/types\/post"}],"author":[{"embeddable":true,"href":"https:\/\/bitacoras.ceipdeolveira.org\/radio\/wp-json\/wp\/v2\/users\/18"}],"replies":[{"embeddable":true,"href":"https:\/\/bitacoras.ceipdeolveira.org\/radio\/wp-json\/wp\/v2\/comments?post=791"}],"version-history":[{"count":2,"href":"https:\/\/bitacoras.ceipdeolveira.org\/radio\/wp-json\/wp\/v2\/posts\/791\/revisions"}],"predecessor-version":[{"id":793,"href":"https:\/\/bitacoras.ceipdeolveira.org\/radio\/wp-json\/wp\/v2\/posts\/791\/revisions\/793"}],"wp:attachment":[{"href":"https:\/\/bitacoras.ceipdeolveira.org\/radio\/wp-json\/wp\/v2\/media?parent=791"}],"wp:term":[{"taxonomy":"category","embeddable":true,"href":"https:\/\/bitacoras.ceipdeolveira.org\/radio\/wp-json\/wp\/v2\/categories?post=791"},{"taxonomy":"post_tag","embeddable":true,"href":"https:\/\/bitacoras.ceipdeolveira.org\/radio\/wp-json\/wp\/v2\/tags?post=791"}],"curies":[{"name":"wp","href":"https:\/\/api.w.org\/{rel}","templated":true}]}}