{"id":842,"date":"2025-04-24T13:23:21","date_gmt":"2025-04-24T11:23:21","guid":{"rendered":"https:\/\/bitacoras.ceipdeolveira.org\/radio\/?p=842"},"modified":"2025-04-24T13:23:22","modified_gmt":"2025-04-24T11:23:22","slug":"23-abril-dia-do-libro-2025-ceip-de-olveira","status":"publish","type":"post","link":"https:\/\/bitacoras.ceipdeolveira.org\/radio\/2025\/04\/24\/23-abril-dia-do-libro-2025-ceip-de-olveira\/","title":{"rendered":"23 ABRIL | DIA DO LIBRO 2025 | CEIP de Olveira"},"content":{"rendered":"\n<p>Co gallo do D\u00eda do Libro, o 23 de abril levamos a cabo o &#8220;apadri\u00f1amento lector&#8221;. Tr\u00e1tase dunha actividade moi chula onde a rapazada de 4\u00ba, 5\u00ba e 6\u00ba de Educaci\u00f3n Primaria c\u00f3ntanlle un conti\u00f1o ao resto do alumnado no patio do colexio. Aqu\u00ed vos deixamos un pequeno v\u00eddeo da actividade!<\/p>\n\n\n\n<center><iframe loading=\"lazy\" width=\"560\" height=\"315\" src=\"https:\/\/www.youtube.com\/embed\/SeCBCJpFumk?si=Cvd_Y93wL1E-TQZ4\" title=\"YouTube video player\" frameborder=\"0\" allow=\"accelerometer; autoplay; clipboard-write; encrypted-media; gyroscope; picture-in-picture; web-share\" referrerpolicy=\"strict-origin-when-cross-origin\" allowfullscreen><\/iframe><\/center>\n","protected":false},"excerpt":{"rendered":"<p>Co gallo do D\u00eda do Libro, o 23 de abril levamos a cabo o &#8220;apadri\u00f1amento lector&#8221;. Tr\u00e1tase dunha actividade moi chula onde a rapazada de 4\u00ba, 5\u00ba e 6\u00ba de Educaci\u00f3n Primaria c\u00f3ntanlle un conti\u00f1o ao resto do alumnado no &hellip; <a href=\"https:\/\/bitacoras.ceipdeolveira.org\/radio\/2025\/04\/24\/23-abril-dia-do-libro-2025-ceip-de-olveira\/\">Sigue lendo <span class=\"meta-nav\">&rarr;<\/span><\/a><\/p>\n","protected":false},"author":18,"featured_media":0,"comment_status":"open","ping_status":"open","sticky":false,"template":"","format":"standard","meta":{"footnotes":""},"categories":[46,62,67,13],"tags":[],"class_list":["post-842","post","type-post","status-publish","format-standard","hentry","category-celebracions","category-curso-24-25","category-dia-do-libro","category-videos"],"_links":{"self":[{"href":"https:\/\/bitacoras.ceipdeolveira.org\/radio\/wp-json\/wp\/v2\/posts\/842","targetHints":{"allow":["GET"]}}],"collection":[{"href":"https:\/\/bitacoras.ceipdeolveira.org\/radio\/wp-json\/wp\/v2\/posts"}],"about":[{"href":"https:\/\/bitacoras.ceipdeolveira.org\/radio\/wp-json\/wp\/v2\/types\/post"}],"author":[{"embeddable":true,"href":"https:\/\/bitacoras.ceipdeolveira.org\/radio\/wp-json\/wp\/v2\/users\/18"}],"replies":[{"embeddable":true,"href":"https:\/\/bitacoras.ceipdeolveira.org\/radio\/wp-json\/wp\/v2\/comments?post=842"}],"version-history":[{"count":1,"href":"https:\/\/bitacoras.ceipdeolveira.org\/radio\/wp-json\/wp\/v2\/posts\/842\/revisions"}],"predecessor-version":[{"id":843,"href":"https:\/\/bitacoras.ceipdeolveira.org\/radio\/wp-json\/wp\/v2\/posts\/842\/revisions\/843"}],"wp:attachment":[{"href":"https:\/\/bitacoras.ceipdeolveira.org\/radio\/wp-json\/wp\/v2\/media?parent=842"}],"wp:term":[{"taxonomy":"category","embeddable":true,"href":"https:\/\/bitacoras.ceipdeolveira.org\/radio\/wp-json\/wp\/v2\/categories?post=842"},{"taxonomy":"post_tag","embeddable":true,"href":"https:\/\/bitacoras.ceipdeolveira.org\/radio\/wp-json\/wp\/v2\/tags?post=842"}],"curies":[{"name":"wp","href":"https:\/\/api.w.org\/{rel}","templated":true}]}}