{"id":854,"date":"2025-05-19T11:06:11","date_gmt":"2025-05-19T09:06:11","guid":{"rendered":"https:\/\/bitacoras.ceipdeolveira.org\/radio\/?p=854"},"modified":"2025-05-19T11:06:12","modified_gmt":"2025-05-19T09:06:12","slug":"festival-letras-galegas-2025-cantareiras-ceip-de-olveira","status":"publish","type":"post","link":"https:\/\/bitacoras.ceipdeolveira.org\/radio\/2025\/05\/19\/festival-letras-galegas-2025-cantareiras-ceip-de-olveira\/","title":{"rendered":"FESTIVAL LETRAS GALEGAS 2025 | CANTAREIRAS | CEIP de Olveira"},"content":{"rendered":"\n<p>A rapazada do CEIP de Olveira preparou unhas pezas para homenaxear \u00e1s &#8220;CANTAREIRAS&#8221; do mellor xeito que hai, cantando!<\/p>\n\n\n\n<p>Aqu\u00ed vos deixamos unha mostra do seu traballo!!<\/p>\n\n\n\n<p>Parab\u00e9ns!!<\/p>\n\n\n\n<center><iframe loading=\"lazy\" width=\"560\" height=\"315\" src=\"https:\/\/www.youtube.com\/embed\/TYNlwfBwjwk?si=c5PMydKj6e_8UTp8\" title=\"YouTube video player\" frameborder=\"0\" allow=\"accelerometer; autoplay; clipboard-write; encrypted-media; gyroscope; picture-in-picture; web-share\" referrerpolicy=\"strict-origin-when-cross-origin\" allowfullscreen><\/iframe><\/center>\n","protected":false},"excerpt":{"rendered":"<p>A rapazada do CEIP de Olveira preparou unhas pezas para homenaxear \u00e1s &#8220;CANTAREIRAS&#8221; do mellor xeito que hai, cantando! Aqu\u00ed vos deixamos unha mostra do seu traballo!! Parab\u00e9ns!!<\/p>\n","protected":false},"author":18,"featured_media":0,"comment_status":"open","ping_status":"open","sticky":false,"template":"","format":"standard","meta":{"footnotes":""},"categories":[61,34,46,54,62,32,13],"tags":[],"class_list":["post-854","post","type-post","status-publish","format-standard","hentry","category-actuacion","category-cancion","category-celebracions","category-concerto","category-curso-24-25","category-letras-galegas","category-videos"],"_links":{"self":[{"href":"https:\/\/bitacoras.ceipdeolveira.org\/radio\/wp-json\/wp\/v2\/posts\/854","targetHints":{"allow":["GET"]}}],"collection":[{"href":"https:\/\/bitacoras.ceipdeolveira.org\/radio\/wp-json\/wp\/v2\/posts"}],"about":[{"href":"https:\/\/bitacoras.ceipdeolveira.org\/radio\/wp-json\/wp\/v2\/types\/post"}],"author":[{"embeddable":true,"href":"https:\/\/bitacoras.ceipdeolveira.org\/radio\/wp-json\/wp\/v2\/users\/18"}],"replies":[{"embeddable":true,"href":"https:\/\/bitacoras.ceipdeolveira.org\/radio\/wp-json\/wp\/v2\/comments?post=854"}],"version-history":[{"count":1,"href":"https:\/\/bitacoras.ceipdeolveira.org\/radio\/wp-json\/wp\/v2\/posts\/854\/revisions"}],"predecessor-version":[{"id":856,"href":"https:\/\/bitacoras.ceipdeolveira.org\/radio\/wp-json\/wp\/v2\/posts\/854\/revisions\/856"}],"wp:attachment":[{"href":"https:\/\/bitacoras.ceipdeolveira.org\/radio\/wp-json\/wp\/v2\/media?parent=854"}],"wp:term":[{"taxonomy":"category","embeddable":true,"href":"https:\/\/bitacoras.ceipdeolveira.org\/radio\/wp-json\/wp\/v2\/categories?post=854"},{"taxonomy":"post_tag","embeddable":true,"href":"https:\/\/bitacoras.ceipdeolveira.org\/radio\/wp-json\/wp\/v2\/tags?post=854"}],"curies":[{"name":"wp","href":"https:\/\/api.w.org\/{rel}","templated":true}]}}