{"id":924,"date":"2026-04-23T11:23:43","date_gmt":"2026-04-23T09:23:43","guid":{"rendered":"https:\/\/bitacoras.ceipdeolveira.org\/radio\/?p=924"},"modified":"2026-04-23T11:23:44","modified_gmt":"2026-04-23T09:23:44","slug":"23-de-abril-2026-dia-do-libro-recomendacions-lectoras","status":"publish","type":"post","link":"https:\/\/bitacoras.ceipdeolveira.org\/radio\/2026\/04\/23\/23-de-abril-2026-dia-do-libro-recomendacions-lectoras\/","title":{"rendered":"23 DE ABRIL 2026 | D\u00cdA DO LIBRO | Recomendaci\u00f3ns Lectoras"},"content":{"rendered":"\n<p>O alumnado do CEIP de Olveira quixo conmemorar o D\u00eda do Libro fac\u00e9ndovos chegar unha serie de recomendaci\u00f3n lectoras de obras que lle encantaron!<\/p>\n\n\n\n<p>Non volas perdades!!<\/p>\n\n\n\n<figure class=\"wp-block-embed is-type-video is-provider-youtube wp-block-embed-youtube wp-embed-aspect-16-9 wp-has-aspect-ratio\"><div class=\"wp-block-embed__wrapper\">\n<iframe loading=\"lazy\" title=\"23 DE ABRIL 2026 | D\u00cdA DO LIBRO | Recomendaci\u00f3ns Lectoras\" width=\"584\" height=\"329\" src=\"https:\/\/www.youtube.com\/embed\/Fbjw-yvmsOg?feature=oembed\" frameborder=\"0\" allow=\"accelerometer; autoplay; clipboard-write; encrypted-media; gyroscope; picture-in-picture; web-share\" referrerpolicy=\"strict-origin-when-cross-origin\" allowfullscreen><\/iframe>\n<\/div><\/figure>\n\n\n\n<p><\/p>\n","protected":false},"excerpt":{"rendered":"<p>O alumnado do CEIP de Olveira quixo conmemorar o D\u00eda do Libro fac\u00e9ndovos chegar unha serie de recomendaci\u00f3n lectoras de obras que lle encantaron! Non volas perdades!!<\/p>\n","protected":false},"author":18,"featured_media":0,"comment_status":"open","ping_status":"open","sticky":false,"template":"","format":"standard","meta":{"footnotes":""},"categories":[72,67,75,13],"tags":[],"class_list":["post-924","post","type-post","status-publish","format-standard","hentry","category-curso-25-26","category-dia-do-libro","category-recomendacions-lectoras","category-videos"],"_links":{"self":[{"href":"https:\/\/bitacoras.ceipdeolveira.org\/radio\/wp-json\/wp\/v2\/posts\/924","targetHints":{"allow":["GET"]}}],"collection":[{"href":"https:\/\/bitacoras.ceipdeolveira.org\/radio\/wp-json\/wp\/v2\/posts"}],"about":[{"href":"https:\/\/bitacoras.ceipdeolveira.org\/radio\/wp-json\/wp\/v2\/types\/post"}],"author":[{"embeddable":true,"href":"https:\/\/bitacoras.ceipdeolveira.org\/radio\/wp-json\/wp\/v2\/users\/18"}],"replies":[{"embeddable":true,"href":"https:\/\/bitacoras.ceipdeolveira.org\/radio\/wp-json\/wp\/v2\/comments?post=924"}],"version-history":[{"count":1,"href":"https:\/\/bitacoras.ceipdeolveira.org\/radio\/wp-json\/wp\/v2\/posts\/924\/revisions"}],"predecessor-version":[{"id":925,"href":"https:\/\/bitacoras.ceipdeolveira.org\/radio\/wp-json\/wp\/v2\/posts\/924\/revisions\/925"}],"wp:attachment":[{"href":"https:\/\/bitacoras.ceipdeolveira.org\/radio\/wp-json\/wp\/v2\/media?parent=924"}],"wp:term":[{"taxonomy":"category","embeddable":true,"href":"https:\/\/bitacoras.ceipdeolveira.org\/radio\/wp-json\/wp\/v2\/categories?post=924"},{"taxonomy":"post_tag","embeddable":true,"href":"https:\/\/bitacoras.ceipdeolveira.org\/radio\/wp-json\/wp\/v2\/tags?post=924"}],"curies":[{"name":"wp","href":"https:\/\/api.w.org\/{rel}","templated":true}]}}