{"id":927,"date":"2026-04-24T11:21:51","date_gmt":"2026-04-24T09:21:51","guid":{"rendered":"https:\/\/bitacoras.ceipdeolveira.org\/radio\/?p=927"},"modified":"2026-04-24T11:21:52","modified_gmt":"2026-04-24T09:21:52","slug":"23-de-abril-2026-dia-do-libro-apadrinamento-lector","status":"publish","type":"post","link":"https:\/\/bitacoras.ceipdeolveira.org\/radio\/2026\/04\/24\/23-de-abril-2026-dia-do-libro-apadrinamento-lector\/","title":{"rendered":"23 DE ABRIL 2026 | D\u00cdA DO LIBRO | Apadri\u00f1amento Lector"},"content":{"rendered":"\n<p>Como ven sendo tradici\u00f3n no CEIP de Olveira, o alumnado de m\u00e1is idade do cole c\u00f3ntalle un conti\u00f1o ao m\u00e1is pequeno, nun momento de compartir lecturas e experiencias.<\/p>\n\n\n\n<p>Moitras grazas, rapazada!!<\/p>\n\n\n\n<figure class=\"wp-block-embed is-type-video is-provider-youtube wp-block-embed-youtube wp-embed-aspect-16-9 wp-has-aspect-ratio\"><div class=\"wp-block-embed__wrapper\">\n<iframe loading=\"lazy\" title=\"23 DE ABRIL 2026 | D\u00cdA DO LIBRO | Apadri\u00f1amento Lector\" width=\"584\" height=\"329\" src=\"https:\/\/www.youtube.com\/embed\/iEzqDuPaJ8A?feature=oembed\" frameborder=\"0\" allow=\"accelerometer; autoplay; clipboard-write; encrypted-media; gyroscope; picture-in-picture; web-share\" referrerpolicy=\"strict-origin-when-cross-origin\" allowfullscreen><\/iframe>\n<\/div><\/figure>\n","protected":false},"excerpt":{"rendered":"<p>Como ven sendo tradici\u00f3n no CEIP de Olveira, o alumnado de m\u00e1is idade do cole c\u00f3ntalle un conti\u00f1o ao m\u00e1is pequeno, nun momento de compartir lecturas e experiencias. Moitras grazas, rapazada!!<\/p>\n","protected":false},"author":18,"featured_media":0,"comment_status":"open","ping_status":"open","sticky":false,"template":"","format":"standard","meta":{"footnotes":""},"categories":[76,72,67,13],"tags":[],"class_list":["post-927","post","type-post","status-publish","format-standard","hentry","category-apadrinamento-lector","category-curso-25-26","category-dia-do-libro","category-videos"],"_links":{"self":[{"href":"https:\/\/bitacoras.ceipdeolveira.org\/radio\/wp-json\/wp\/v2\/posts\/927","targetHints":{"allow":["GET"]}}],"collection":[{"href":"https:\/\/bitacoras.ceipdeolveira.org\/radio\/wp-json\/wp\/v2\/posts"}],"about":[{"href":"https:\/\/bitacoras.ceipdeolveira.org\/radio\/wp-json\/wp\/v2\/types\/post"}],"author":[{"embeddable":true,"href":"https:\/\/bitacoras.ceipdeolveira.org\/radio\/wp-json\/wp\/v2\/users\/18"}],"replies":[{"embeddable":true,"href":"https:\/\/bitacoras.ceipdeolveira.org\/radio\/wp-json\/wp\/v2\/comments?post=927"}],"version-history":[{"count":1,"href":"https:\/\/bitacoras.ceipdeolveira.org\/radio\/wp-json\/wp\/v2\/posts\/927\/revisions"}],"predecessor-version":[{"id":928,"href":"https:\/\/bitacoras.ceipdeolveira.org\/radio\/wp-json\/wp\/v2\/posts\/927\/revisions\/928"}],"wp:attachment":[{"href":"https:\/\/bitacoras.ceipdeolveira.org\/radio\/wp-json\/wp\/v2\/media?parent=927"}],"wp:term":[{"taxonomy":"category","embeddable":true,"href":"https:\/\/bitacoras.ceipdeolveira.org\/radio\/wp-json\/wp\/v2\/categories?post=927"},{"taxonomy":"post_tag","embeddable":true,"href":"https:\/\/bitacoras.ceipdeolveira.org\/radio\/wp-json\/wp\/v2\/tags?post=927"}],"curies":[{"name":"wp","href":"https:\/\/api.w.org\/{rel}","templated":true}]}}