{"id":1078,"date":"2025-11-24T09:47:22","date_gmt":"2025-11-24T09:47:22","guid":{"rendered":"https:\/\/bitacoras.ceipdeolveira.org\/voznatura\/?p=1078"},"modified":"2025-11-24T09:47:23","modified_gmt":"2025-11-24T09:47:23","slug":"unha-barbantesa-moi-cuquina","status":"publish","type":"post","link":"https:\/\/bitacoras.ceipdeolveira.org\/voznatura\/2025\/11\/24\/unha-barbantesa-moi-cuquina\/","title":{"rendered":"Unha barbantesa moi cuqui\u00f1a!"},"content":{"rendered":"\n<p>A pasada semana tivemos a visita de Mar\u00eda Lu\u00edsa, unha barbantesa (mantis relixiosa) moi cuqui\u00f1a. O alumnado aproveitou a s\u00faa visita para investigar cousas sobre os invertebrados e, como non pod\u00eda ser doutro xeito, facerlle alg\u00fan que outro bonito retrato.<\/p>\n\n\n\n<figure class=\"wp-block-image size-full\"><img loading=\"lazy\" decoding=\"async\" width=\"960\" height=\"540\" src=\"https:\/\/bitacoras.ceipdeolveira.org\/voznatura\/wp-content\/uploads\/sites\/20\/2025\/11\/mantis.jpg\" alt=\"\" class=\"wp-image-1079\" srcset=\"https:\/\/bitacoras.ceipdeolveira.org\/voznatura\/wp-content\/uploads\/sites\/20\/2025\/11\/mantis.jpg 960w, https:\/\/bitacoras.ceipdeolveira.org\/voznatura\/wp-content\/uploads\/sites\/20\/2025\/11\/mantis-300x169.jpg 300w, https:\/\/bitacoras.ceipdeolveira.org\/voznatura\/wp-content\/uploads\/sites\/20\/2025\/11\/mantis-768x432.jpg 768w, https:\/\/bitacoras.ceipdeolveira.org\/voznatura\/wp-content\/uploads\/sites\/20\/2025\/11\/mantis-500x281.jpg 500w\" sizes=\"auto, (max-width: 960px) 100vw, 960px\" \/><\/figure>\n","protected":false},"excerpt":{"rendered":"<p>A pasada semana tivemos a visita de Mar\u00eda Lu\u00edsa, unha barbantesa (mantis relixiosa) moi cuqui\u00f1a. O alumnado aproveitou a s\u00faa visita para investigar cousas sobre os invertebrados e, como non pod\u00eda ser doutro xeito, facerlle alg\u00fan que outro bonito retrato.<\/p>\n","protected":false},"author":18,"featured_media":0,"comment_status":"open","ping_status":"open","sticky":false,"template":"","format":"standard","meta":{"footnotes":""},"categories":[11],"tags":[],"class_list":["post-1078","post","type-post","status-publish","format-standard","hentry","category-curso-25-26"],"_links":{"self":[{"href":"https:\/\/bitacoras.ceipdeolveira.org\/voznatura\/wp-json\/wp\/v2\/posts\/1078","targetHints":{"allow":["GET"]}}],"collection":[{"href":"https:\/\/bitacoras.ceipdeolveira.org\/voznatura\/wp-json\/wp\/v2\/posts"}],"about":[{"href":"https:\/\/bitacoras.ceipdeolveira.org\/voznatura\/wp-json\/wp\/v2\/types\/post"}],"author":[{"embeddable":true,"href":"https:\/\/bitacoras.ceipdeolveira.org\/voznatura\/wp-json\/wp\/v2\/users\/18"}],"replies":[{"embeddable":true,"href":"https:\/\/bitacoras.ceipdeolveira.org\/voznatura\/wp-json\/wp\/v2\/comments?post=1078"}],"version-history":[{"count":1,"href":"https:\/\/bitacoras.ceipdeolveira.org\/voznatura\/wp-json\/wp\/v2\/posts\/1078\/revisions"}],"predecessor-version":[{"id":1080,"href":"https:\/\/bitacoras.ceipdeolveira.org\/voznatura\/wp-json\/wp\/v2\/posts\/1078\/revisions\/1080"}],"wp:attachment":[{"href":"https:\/\/bitacoras.ceipdeolveira.org\/voznatura\/wp-json\/wp\/v2\/media?parent=1078"}],"wp:term":[{"taxonomy":"category","embeddable":true,"href":"https:\/\/bitacoras.ceipdeolveira.org\/voznatura\/wp-json\/wp\/v2\/categories?post=1078"},{"taxonomy":"post_tag","embeddable":true,"href":"https:\/\/bitacoras.ceipdeolveira.org\/voznatura\/wp-json\/wp\/v2\/tags?post=1078"}],"curies":[{"name":"wp","href":"https:\/\/api.w.org\/{rel}","templated":true}]}}