{"id":216,"date":"2021-04-09T11:58:17","date_gmt":"2021-04-09T11:58:17","guid":{"rendered":"https:\/\/bitacoras.ceipdeolveira.org\/voznatura\/?p=216"},"modified":"2022-10-25T15:37:06","modified_gmt":"2022-10-25T15:37:06","slug":"estudo-e-coidado-dos-narcisos","status":"publish","type":"post","link":"https:\/\/bitacoras.ceipdeolveira.org\/voznatura\/2021\/04\/09\/estudo-e-coidado-dos-narcisos\/","title":{"rendered":"Estudo e coidado dos narcisos"},"content":{"rendered":"\n<p>Os alumnos e alumnas de 5\u00b0 de Primaria regan e coidan os narcisos plantados no patio. <br>Os  narcisos (Narcissus) son plantas bulbosas da familia das amirilid\u00e1ceas,  da que existen distintas especies con follas radicais estreitas e  flores moi arom\u00e1ticas, brancas ou amarelas, con forma de tubo. A maior\u00eda  delas son orixinarias da zona Mediterr\u00e1nea a\u00ednda que tam\u00e9n se cultivan  noutros lugares como en Asia Central e China.<\/p>\n\n\n\n<figure class=\"wp-block-image size-large\"><img loading=\"lazy\" decoding=\"async\" width=\"800\" height=\"600\" src=\"https:\/\/bitacoras.ceipdeolveira.org\/voznatura\/wp-content\/uploads\/sites\/20\/2021\/04\/20210326_105409_copy_800x600.jpg\" alt=\"\" class=\"wp-image-217\" srcset=\"https:\/\/bitacoras.ceipdeolveira.org\/voznatura\/wp-content\/uploads\/sites\/20\/2021\/04\/20210326_105409_copy_800x600.jpg 800w, https:\/\/bitacoras.ceipdeolveira.org\/voznatura\/wp-content\/uploads\/sites\/20\/2021\/04\/20210326_105409_copy_800x600-300x225.jpg 300w, https:\/\/bitacoras.ceipdeolveira.org\/voznatura\/wp-content\/uploads\/sites\/20\/2021\/04\/20210326_105409_copy_800x600-768x576.jpg 768w, https:\/\/bitacoras.ceipdeolveira.org\/voznatura\/wp-content\/uploads\/sites\/20\/2021\/04\/20210326_105409_copy_800x600-400x300.jpg 400w\" sizes=\"auto, (max-width: 800px) 100vw, 800px\" \/><\/figure>\n\n\n\n<figure class=\"wp-block-image size-large\"><img loading=\"lazy\" decoding=\"async\" width=\"800\" height=\"600\" src=\"https:\/\/bitacoras.ceipdeolveira.org\/voznatura\/wp-content\/uploads\/sites\/20\/2021\/04\/20210407_115139_copy_800x600.jpg\" alt=\"\" class=\"wp-image-218\" srcset=\"https:\/\/bitacoras.ceipdeolveira.org\/voznatura\/wp-content\/uploads\/sites\/20\/2021\/04\/20210407_115139_copy_800x600.jpg 800w, https:\/\/bitacoras.ceipdeolveira.org\/voznatura\/wp-content\/uploads\/sites\/20\/2021\/04\/20210407_115139_copy_800x600-300x225.jpg 300w, https:\/\/bitacoras.ceipdeolveira.org\/voznatura\/wp-content\/uploads\/sites\/20\/2021\/04\/20210407_115139_copy_800x600-768x576.jpg 768w, https:\/\/bitacoras.ceipdeolveira.org\/voznatura\/wp-content\/uploads\/sites\/20\/2021\/04\/20210407_115139_copy_800x600-400x300.jpg 400w\" sizes=\"auto, (max-width: 800px) 100vw, 800px\" \/><\/figure>\n\n\n\n<figure class=\"wp-block-image size-large\"><img loading=\"lazy\" decoding=\"async\" width=\"800\" height=\"600\" src=\"https:\/\/bitacoras.ceipdeolveira.org\/voznatura\/wp-content\/uploads\/sites\/20\/2021\/04\/20210407_115215_copy_800x600_1.jpg\" alt=\"\" class=\"wp-image-219\" srcset=\"https:\/\/bitacoras.ceipdeolveira.org\/voznatura\/wp-content\/uploads\/sites\/20\/2021\/04\/20210407_115215_copy_800x600_1.jpg 800w, https:\/\/bitacoras.ceipdeolveira.org\/voznatura\/wp-content\/uploads\/sites\/20\/2021\/04\/20210407_115215_copy_800x600_1-300x225.jpg 300w, https:\/\/bitacoras.ceipdeolveira.org\/voznatura\/wp-content\/uploads\/sites\/20\/2021\/04\/20210407_115215_copy_800x600_1-768x576.jpg 768w, https:\/\/bitacoras.ceipdeolveira.org\/voznatura\/wp-content\/uploads\/sites\/20\/2021\/04\/20210407_115215_copy_800x600_1-400x300.jpg 400w\" sizes=\"auto, (max-width: 800px) 100vw, 800px\" \/><\/figure>\n","protected":false},"excerpt":{"rendered":"<p>Os alumnos e alumnas de 5\u00b0 de Primaria regan e coidan os narcisos plantados no patio. Os narcisos (Narcissus) son plantas bulbosas da familia das amirilid\u00e1ceas, da que existen distintas especies con follas radicais estreitas e flores moi arom\u00e1ticas, brancas &hellip; <a href=\"https:\/\/bitacoras.ceipdeolveira.org\/voznatura\/2021\/04\/09\/estudo-e-coidado-dos-narcisos\/\">Sigue lendo <span class=\"meta-nav\">&rarr;<\/span><\/a><\/p>\n","protected":false},"author":18,"featured_media":0,"comment_status":"open","ping_status":"open","sticky":false,"template":"","format":"standard","meta":{"footnotes":""},"categories":[8,1],"tags":[],"class_list":["post-216","post","type-post","status-publish","format-standard","hentry","category-curso-20-21","category-sen-categoria"],"_links":{"self":[{"href":"https:\/\/bitacoras.ceipdeolveira.org\/voznatura\/wp-json\/wp\/v2\/posts\/216","targetHints":{"allow":["GET"]}}],"collection":[{"href":"https:\/\/bitacoras.ceipdeolveira.org\/voznatura\/wp-json\/wp\/v2\/posts"}],"about":[{"href":"https:\/\/bitacoras.ceipdeolveira.org\/voznatura\/wp-json\/wp\/v2\/types\/post"}],"author":[{"embeddable":true,"href":"https:\/\/bitacoras.ceipdeolveira.org\/voznatura\/wp-json\/wp\/v2\/users\/18"}],"replies":[{"embeddable":true,"href":"https:\/\/bitacoras.ceipdeolveira.org\/voznatura\/wp-json\/wp\/v2\/comments?post=216"}],"version-history":[{"count":1,"href":"https:\/\/bitacoras.ceipdeolveira.org\/voznatura\/wp-json\/wp\/v2\/posts\/216\/revisions"}],"predecessor-version":[{"id":220,"href":"https:\/\/bitacoras.ceipdeolveira.org\/voznatura\/wp-json\/wp\/v2\/posts\/216\/revisions\/220"}],"wp:attachment":[{"href":"https:\/\/bitacoras.ceipdeolveira.org\/voznatura\/wp-json\/wp\/v2\/media?parent=216"}],"wp:term":[{"taxonomy":"category","embeddable":true,"href":"https:\/\/bitacoras.ceipdeolveira.org\/voznatura\/wp-json\/wp\/v2\/categories?post=216"},{"taxonomy":"post_tag","embeddable":true,"href":"https:\/\/bitacoras.ceipdeolveira.org\/voznatura\/wp-json\/wp\/v2\/tags?post=216"}],"curies":[{"name":"wp","href":"https:\/\/api.w.org\/{rel}","templated":true}]}}