{"id":239,"date":"2021-05-20T09:06:51","date_gmt":"2021-05-20T09:06:51","guid":{"rendered":"https:\/\/bitacoras.ceipdeolveira.org\/voznatura\/?p=239"},"modified":"2022-10-25T15:37:06","modified_gmt":"2022-10-25T15:37:06","slug":"observacion-e-coidado-dos-tulipans","status":"publish","type":"post","link":"https:\/\/bitacoras.ceipdeolveira.org\/voznatura\/2021\/05\/20\/observacion-e-coidado-dos-tulipans\/","title":{"rendered":"OBSERVACI\u00d3N E COIDADO DOS TULIP\u00c1NS"},"content":{"rendered":"\n<p>Os nenos e nenas de 2\u00ba de Primaria observan, coidan e regan os tulip\u00e1ns plantados nas semanas anteriores. <br>Os  tulip\u00e1ns son plantas bulbosas e perennes orixinarias de Oriente Medio.  Na actualidade hai centos de especies e pl\u00e1ntanse en moitas partes do  mundo.<\/p>\n\n\n\n<figure class=\"wp-block-image size-large\"><img loading=\"lazy\" decoding=\"async\" width=\"800\" height=\"600\" src=\"https:\/\/bitacoras.ceipdeolveira.org\/voznatura\/wp-content\/uploads\/sites\/20\/2021\/05\/20210416_135836_copy_800x600.jpg\" alt=\"\" class=\"wp-image-240\" srcset=\"https:\/\/bitacoras.ceipdeolveira.org\/voznatura\/wp-content\/uploads\/sites\/20\/2021\/05\/20210416_135836_copy_800x600.jpg 800w, https:\/\/bitacoras.ceipdeolveira.org\/voznatura\/wp-content\/uploads\/sites\/20\/2021\/05\/20210416_135836_copy_800x600-300x225.jpg 300w, https:\/\/bitacoras.ceipdeolveira.org\/voznatura\/wp-content\/uploads\/sites\/20\/2021\/05\/20210416_135836_copy_800x600-768x576.jpg 768w, https:\/\/bitacoras.ceipdeolveira.org\/voznatura\/wp-content\/uploads\/sites\/20\/2021\/05\/20210416_135836_copy_800x600-400x300.jpg 400w\" sizes=\"auto, (max-width: 800px) 100vw, 800px\" \/><\/figure>\n\n\n\n<figure class=\"wp-block-image size-large\"><img loading=\"lazy\" decoding=\"async\" width=\"800\" height=\"600\" src=\"https:\/\/bitacoras.ceipdeolveira.org\/voznatura\/wp-content\/uploads\/sites\/20\/2021\/05\/20210416_135742_copy_800x600.jpg\" alt=\"\" class=\"wp-image-241\" srcset=\"https:\/\/bitacoras.ceipdeolveira.org\/voznatura\/wp-content\/uploads\/sites\/20\/2021\/05\/20210416_135742_copy_800x600.jpg 800w, https:\/\/bitacoras.ceipdeolveira.org\/voznatura\/wp-content\/uploads\/sites\/20\/2021\/05\/20210416_135742_copy_800x600-300x225.jpg 300w, https:\/\/bitacoras.ceipdeolveira.org\/voznatura\/wp-content\/uploads\/sites\/20\/2021\/05\/20210416_135742_copy_800x600-768x576.jpg 768w, https:\/\/bitacoras.ceipdeolveira.org\/voznatura\/wp-content\/uploads\/sites\/20\/2021\/05\/20210416_135742_copy_800x600-400x300.jpg 400w\" sizes=\"auto, (max-width: 800px) 100vw, 800px\" \/><\/figure>\n\n\n\n<figure class=\"wp-block-image size-large\"><img loading=\"lazy\" decoding=\"async\" width=\"800\" height=\"600\" src=\"https:\/\/bitacoras.ceipdeolveira.org\/voznatura\/wp-content\/uploads\/sites\/20\/2021\/05\/20210416_135745_copy_800x600.jpg\" alt=\"\" class=\"wp-image-242\" srcset=\"https:\/\/bitacoras.ceipdeolveira.org\/voznatura\/wp-content\/uploads\/sites\/20\/2021\/05\/20210416_135745_copy_800x600.jpg 800w, https:\/\/bitacoras.ceipdeolveira.org\/voznatura\/wp-content\/uploads\/sites\/20\/2021\/05\/20210416_135745_copy_800x600-300x225.jpg 300w, https:\/\/bitacoras.ceipdeolveira.org\/voznatura\/wp-content\/uploads\/sites\/20\/2021\/05\/20210416_135745_copy_800x600-768x576.jpg 768w, https:\/\/bitacoras.ceipdeolveira.org\/voznatura\/wp-content\/uploads\/sites\/20\/2021\/05\/20210416_135745_copy_800x600-400x300.jpg 400w\" sizes=\"auto, (max-width: 800px) 100vw, 800px\" \/><\/figure>\n\n\n\n<figure class=\"wp-block-image size-large\"><img loading=\"lazy\" decoding=\"async\" width=\"800\" height=\"600\" src=\"https:\/\/bitacoras.ceipdeolveira.org\/voznatura\/wp-content\/uploads\/sites\/20\/2021\/05\/20210416_135827_copy_800x600.jpg\" alt=\"\" class=\"wp-image-243\" srcset=\"https:\/\/bitacoras.ceipdeolveira.org\/voznatura\/wp-content\/uploads\/sites\/20\/2021\/05\/20210416_135827_copy_800x600.jpg 800w, https:\/\/bitacoras.ceipdeolveira.org\/voznatura\/wp-content\/uploads\/sites\/20\/2021\/05\/20210416_135827_copy_800x600-300x225.jpg 300w, https:\/\/bitacoras.ceipdeolveira.org\/voznatura\/wp-content\/uploads\/sites\/20\/2021\/05\/20210416_135827_copy_800x600-768x576.jpg 768w, https:\/\/bitacoras.ceipdeolveira.org\/voznatura\/wp-content\/uploads\/sites\/20\/2021\/05\/20210416_135827_copy_800x600-400x300.jpg 400w\" sizes=\"auto, (max-width: 800px) 100vw, 800px\" \/><\/figure>\n","protected":false},"excerpt":{"rendered":"<p>Os nenos e nenas de 2\u00ba de Primaria observan, coidan e regan os tulip\u00e1ns plantados nas semanas anteriores. Os tulip\u00e1ns son plantas bulbosas e perennes orixinarias de Oriente Medio. Na actualidade hai centos de especies e pl\u00e1ntanse en moitas partes &hellip; <a href=\"https:\/\/bitacoras.ceipdeolveira.org\/voznatura\/2021\/05\/20\/observacion-e-coidado-dos-tulipans\/\">Sigue lendo <span class=\"meta-nav\">&rarr;<\/span><\/a><\/p>\n","protected":false},"author":18,"featured_media":0,"comment_status":"open","ping_status":"open","sticky":false,"template":"","format":"standard","meta":{"footnotes":""},"categories":[8,1],"tags":[],"class_list":["post-239","post","type-post","status-publish","format-standard","hentry","category-curso-20-21","category-sen-categoria"],"_links":{"self":[{"href":"https:\/\/bitacoras.ceipdeolveira.org\/voznatura\/wp-json\/wp\/v2\/posts\/239","targetHints":{"allow":["GET"]}}],"collection":[{"href":"https:\/\/bitacoras.ceipdeolveira.org\/voznatura\/wp-json\/wp\/v2\/posts"}],"about":[{"href":"https:\/\/bitacoras.ceipdeolveira.org\/voznatura\/wp-json\/wp\/v2\/types\/post"}],"author":[{"embeddable":true,"href":"https:\/\/bitacoras.ceipdeolveira.org\/voznatura\/wp-json\/wp\/v2\/users\/18"}],"replies":[{"embeddable":true,"href":"https:\/\/bitacoras.ceipdeolveira.org\/voznatura\/wp-json\/wp\/v2\/comments?post=239"}],"version-history":[{"count":1,"href":"https:\/\/bitacoras.ceipdeolveira.org\/voznatura\/wp-json\/wp\/v2\/posts\/239\/revisions"}],"predecessor-version":[{"id":244,"href":"https:\/\/bitacoras.ceipdeolveira.org\/voznatura\/wp-json\/wp\/v2\/posts\/239\/revisions\/244"}],"wp:attachment":[{"href":"https:\/\/bitacoras.ceipdeolveira.org\/voznatura\/wp-json\/wp\/v2\/media?parent=239"}],"wp:term":[{"taxonomy":"category","embeddable":true,"href":"https:\/\/bitacoras.ceipdeolveira.org\/voznatura\/wp-json\/wp\/v2\/categories?post=239"},{"taxonomy":"post_tag","embeddable":true,"href":"https:\/\/bitacoras.ceipdeolveira.org\/voznatura\/wp-json\/wp\/v2\/tags?post=239"}],"curies":[{"name":"wp","href":"https:\/\/api.w.org\/{rel}","templated":true}]}}