{"id":250,"date":"2021-06-11T11:11:12","date_gmt":"2021-06-11T11:11:12","guid":{"rendered":"https:\/\/bitacoras.ceipdeolveira.org\/voznatura\/?p=250"},"modified":"2022-10-25T15:38:03","modified_gmt":"2022-10-25T15:38:03","slug":"taking-care-of-nature","status":"publish","type":"post","link":"https:\/\/bitacoras.ceipdeolveira.org\/voznatura\/2021\/06\/11\/taking-care-of-nature\/","title":{"rendered":"TAKING CARE OF NATURE"},"content":{"rendered":"\n<p>Os alumnos e alumnas de 4\u00ba de Primaria falaron en ingl\u00e9s coa s\u00faa profe sobre as \u00e1rbores e as flores que se plantaron no patio da escola e sobre como debemos coidalas cada d\u00eda. Tam\u00e9n regaron e plantaron sementes de margaridas.<\/p>\n\n\n\n<figure class=\"wp-block-image size-large\"><img loading=\"lazy\" decoding=\"async\" width=\"800\" height=\"600\" src=\"https:\/\/bitacoras.ceipdeolveira.org\/voznatura\/wp-content\/uploads\/sites\/20\/2021\/06\/20210611_113422_copy_800x600.jpg\" alt=\"\" class=\"wp-image-251\" srcset=\"https:\/\/bitacoras.ceipdeolveira.org\/voznatura\/wp-content\/uploads\/sites\/20\/2021\/06\/20210611_113422_copy_800x600.jpg 800w, https:\/\/bitacoras.ceipdeolveira.org\/voznatura\/wp-content\/uploads\/sites\/20\/2021\/06\/20210611_113422_copy_800x600-300x225.jpg 300w, https:\/\/bitacoras.ceipdeolveira.org\/voznatura\/wp-content\/uploads\/sites\/20\/2021\/06\/20210611_113422_copy_800x600-768x576.jpg 768w, https:\/\/bitacoras.ceipdeolveira.org\/voznatura\/wp-content\/uploads\/sites\/20\/2021\/06\/20210611_113422_copy_800x600-400x300.jpg 400w\" sizes=\"auto, (max-width: 800px) 100vw, 800px\" \/><\/figure>\n\n\n\n<figure class=\"wp-block-image size-large\"><img loading=\"lazy\" decoding=\"async\" width=\"800\" height=\"600\" src=\"https:\/\/bitacoras.ceipdeolveira.org\/voznatura\/wp-content\/uploads\/sites\/20\/2021\/06\/20210611_113701_copy_800x600.jpg\" alt=\"\" class=\"wp-image-252\" srcset=\"https:\/\/bitacoras.ceipdeolveira.org\/voznatura\/wp-content\/uploads\/sites\/20\/2021\/06\/20210611_113701_copy_800x600.jpg 800w, https:\/\/bitacoras.ceipdeolveira.org\/voznatura\/wp-content\/uploads\/sites\/20\/2021\/06\/20210611_113701_copy_800x600-300x225.jpg 300w, https:\/\/bitacoras.ceipdeolveira.org\/voznatura\/wp-content\/uploads\/sites\/20\/2021\/06\/20210611_113701_copy_800x600-768x576.jpg 768w, https:\/\/bitacoras.ceipdeolveira.org\/voznatura\/wp-content\/uploads\/sites\/20\/2021\/06\/20210611_113701_copy_800x600-400x300.jpg 400w\" sizes=\"auto, (max-width: 800px) 100vw, 800px\" \/><\/figure>\n\n\n\n<figure class=\"wp-block-image size-large\"><img loading=\"lazy\" decoding=\"async\" width=\"800\" height=\"600\" src=\"https:\/\/bitacoras.ceipdeolveira.org\/voznatura\/wp-content\/uploads\/sites\/20\/2021\/06\/20210611_114137_copy_800x600.jpg\" alt=\"\" class=\"wp-image-253\" srcset=\"https:\/\/bitacoras.ceipdeolveira.org\/voznatura\/wp-content\/uploads\/sites\/20\/2021\/06\/20210611_114137_copy_800x600.jpg 800w, https:\/\/bitacoras.ceipdeolveira.org\/voznatura\/wp-content\/uploads\/sites\/20\/2021\/06\/20210611_114137_copy_800x600-300x225.jpg 300w, https:\/\/bitacoras.ceipdeolveira.org\/voznatura\/wp-content\/uploads\/sites\/20\/2021\/06\/20210611_114137_copy_800x600-768x576.jpg 768w, https:\/\/bitacoras.ceipdeolveira.org\/voznatura\/wp-content\/uploads\/sites\/20\/2021\/06\/20210611_114137_copy_800x600-400x300.jpg 400w\" sizes=\"auto, (max-width: 800px) 100vw, 800px\" \/><\/figure>\n\n\n\n<figure class=\"wp-block-image size-large\"><img loading=\"lazy\" decoding=\"async\" width=\"800\" height=\"600\" src=\"https:\/\/bitacoras.ceipdeolveira.org\/voznatura\/wp-content\/uploads\/sites\/20\/2021\/06\/20210611_114535_copy_800x600.jpg\" alt=\"\" class=\"wp-image-254\" srcset=\"https:\/\/bitacoras.ceipdeolveira.org\/voznatura\/wp-content\/uploads\/sites\/20\/2021\/06\/20210611_114535_copy_800x600.jpg 800w, https:\/\/bitacoras.ceipdeolveira.org\/voznatura\/wp-content\/uploads\/sites\/20\/2021\/06\/20210611_114535_copy_800x600-300x225.jpg 300w, https:\/\/bitacoras.ceipdeolveira.org\/voznatura\/wp-content\/uploads\/sites\/20\/2021\/06\/20210611_114535_copy_800x600-768x576.jpg 768w, https:\/\/bitacoras.ceipdeolveira.org\/voznatura\/wp-content\/uploads\/sites\/20\/2021\/06\/20210611_114535_copy_800x600-400x300.jpg 400w\" sizes=\"auto, (max-width: 800px) 100vw, 800px\" \/><\/figure>\n\n\n\n<figure class=\"wp-block-image size-large\"><img loading=\"lazy\" decoding=\"async\" width=\"800\" height=\"600\" src=\"https:\/\/bitacoras.ceipdeolveira.org\/voznatura\/wp-content\/uploads\/sites\/20\/2021\/06\/20210611_115228_copy_800x600.jpg\" alt=\"\" class=\"wp-image-255\" srcset=\"https:\/\/bitacoras.ceipdeolveira.org\/voznatura\/wp-content\/uploads\/sites\/20\/2021\/06\/20210611_115228_copy_800x600.jpg 800w, https:\/\/bitacoras.ceipdeolveira.org\/voznatura\/wp-content\/uploads\/sites\/20\/2021\/06\/20210611_115228_copy_800x600-300x225.jpg 300w, https:\/\/bitacoras.ceipdeolveira.org\/voznatura\/wp-content\/uploads\/sites\/20\/2021\/06\/20210611_115228_copy_800x600-768x576.jpg 768w, https:\/\/bitacoras.ceipdeolveira.org\/voznatura\/wp-content\/uploads\/sites\/20\/2021\/06\/20210611_115228_copy_800x600-400x300.jpg 400w\" sizes=\"auto, (max-width: 800px) 100vw, 800px\" \/><\/figure>\n","protected":false},"excerpt":{"rendered":"<p>Os alumnos e alumnas de 4\u00ba de Primaria falaron en ingl\u00e9s coa s\u00faa profe sobre as \u00e1rbores e as flores que se plantaron no patio da escola e sobre como debemos coidalas cada d\u00eda. Tam\u00e9n regaron e plantaron sementes de &hellip; <a href=\"https:\/\/bitacoras.ceipdeolveira.org\/voznatura\/2021\/06\/11\/taking-care-of-nature\/\">Sigue lendo <span class=\"meta-nav\">&rarr;<\/span><\/a><\/p>\n","protected":false},"author":18,"featured_media":0,"comment_status":"open","ping_status":"open","sticky":false,"template":"","format":"standard","meta":{"footnotes":""},"categories":[8,1],"tags":[],"class_list":["post-250","post","type-post","status-publish","format-standard","hentry","category-curso-20-21","category-sen-categoria"],"_links":{"self":[{"href":"https:\/\/bitacoras.ceipdeolveira.org\/voznatura\/wp-json\/wp\/v2\/posts\/250","targetHints":{"allow":["GET"]}}],"collection":[{"href":"https:\/\/bitacoras.ceipdeolveira.org\/voznatura\/wp-json\/wp\/v2\/posts"}],"about":[{"href":"https:\/\/bitacoras.ceipdeolveira.org\/voznatura\/wp-json\/wp\/v2\/types\/post"}],"author":[{"embeddable":true,"href":"https:\/\/bitacoras.ceipdeolveira.org\/voznatura\/wp-json\/wp\/v2\/users\/18"}],"replies":[{"embeddable":true,"href":"https:\/\/bitacoras.ceipdeolveira.org\/voznatura\/wp-json\/wp\/v2\/comments?post=250"}],"version-history":[{"count":1,"href":"https:\/\/bitacoras.ceipdeolveira.org\/voznatura\/wp-json\/wp\/v2\/posts\/250\/revisions"}],"predecessor-version":[{"id":256,"href":"https:\/\/bitacoras.ceipdeolveira.org\/voznatura\/wp-json\/wp\/v2\/posts\/250\/revisions\/256"}],"wp:attachment":[{"href":"https:\/\/bitacoras.ceipdeolveira.org\/voznatura\/wp-json\/wp\/v2\/media?parent=250"}],"wp:term":[{"taxonomy":"category","embeddable":true,"href":"https:\/\/bitacoras.ceipdeolveira.org\/voznatura\/wp-json\/wp\/v2\/categories?post=250"},{"taxonomy":"post_tag","embeddable":true,"href":"https:\/\/bitacoras.ceipdeolveira.org\/voznatura\/wp-json\/wp\/v2\/tags?post=250"}],"curies":[{"name":"wp","href":"https:\/\/api.w.org\/{rel}","templated":true}]}}