{"id":269,"date":"2021-07-02T09:20:38","date_gmt":"2021-07-02T09:20:38","guid":{"rendered":"https:\/\/bitacoras.ceipdeolveira.org\/voznatura\/?p=269"},"modified":"2022-10-25T15:38:03","modified_gmt":"2022-10-25T15:38:03","slug":"bo-veran","status":"publish","type":"post","link":"https:\/\/bitacoras.ceipdeolveira.org\/voznatura\/2021\/07\/02\/bo-veran\/","title":{"rendered":"BO VER\u00c1N"},"content":{"rendered":"\n<p>Neste curso tan peculiar fixemos un mont\u00f3n de actividades para fomentar o coidado do entorno natural dun xeito transversal e din\u00e1mico. Nas fotograf\u00edas os alumnos e alumnas de 3\u00ba e 6\u00ba de Primaria levan carteis nas mans, elaborados na clase de Ingl\u00e9s, para fomentar o coidado do medio ambiente. V\u00e9monos en setembro. Bo ver\u00e1n a tod@s!!<\/p>\n\n\n\n<figure class=\"wp-block-image size-large\"><img loading=\"lazy\" decoding=\"async\" width=\"800\" height=\"600\" src=\"https:\/\/bitacoras.ceipdeolveira.org\/voznatura\/wp-content\/uploads\/sites\/20\/2021\/07\/20210616_122800_copy_800x600.jpg\" alt=\"\" class=\"wp-image-270\" srcset=\"https:\/\/bitacoras.ceipdeolveira.org\/voznatura\/wp-content\/uploads\/sites\/20\/2021\/07\/20210616_122800_copy_800x600.jpg 800w, https:\/\/bitacoras.ceipdeolveira.org\/voznatura\/wp-content\/uploads\/sites\/20\/2021\/07\/20210616_122800_copy_800x600-300x225.jpg 300w, https:\/\/bitacoras.ceipdeolveira.org\/voznatura\/wp-content\/uploads\/sites\/20\/2021\/07\/20210616_122800_copy_800x600-768x576.jpg 768w, https:\/\/bitacoras.ceipdeolveira.org\/voznatura\/wp-content\/uploads\/sites\/20\/2021\/07\/20210616_122800_copy_800x600-400x300.jpg 400w\" sizes=\"auto, (max-width: 800px) 100vw, 800px\" \/><\/figure>\n\n\n\n<figure class=\"wp-block-image size-large\"><img loading=\"lazy\" decoding=\"async\" width=\"800\" height=\"600\" src=\"https:\/\/bitacoras.ceipdeolveira.org\/voznatura\/wp-content\/uploads\/sites\/20\/2021\/07\/20210621_134634_copy_800x600.jpg\" alt=\"\" class=\"wp-image-271\" srcset=\"https:\/\/bitacoras.ceipdeolveira.org\/voznatura\/wp-content\/uploads\/sites\/20\/2021\/07\/20210621_134634_copy_800x600.jpg 800w, https:\/\/bitacoras.ceipdeolveira.org\/voznatura\/wp-content\/uploads\/sites\/20\/2021\/07\/20210621_134634_copy_800x600-300x225.jpg 300w, https:\/\/bitacoras.ceipdeolveira.org\/voznatura\/wp-content\/uploads\/sites\/20\/2021\/07\/20210621_134634_copy_800x600-768x576.jpg 768w, https:\/\/bitacoras.ceipdeolveira.org\/voznatura\/wp-content\/uploads\/sites\/20\/2021\/07\/20210621_134634_copy_800x600-400x300.jpg 400w\" sizes=\"auto, (max-width: 800px) 100vw, 800px\" \/><\/figure>\n","protected":false},"excerpt":{"rendered":"<p>Neste curso tan peculiar fixemos un mont\u00f3n de actividades para fomentar o coidado do entorno natural dun xeito transversal e din\u00e1mico. Nas fotograf\u00edas os alumnos e alumnas de 3\u00ba e 6\u00ba de Primaria levan carteis nas mans, elaborados na clase &hellip; <a href=\"https:\/\/bitacoras.ceipdeolveira.org\/voznatura\/2021\/07\/02\/bo-veran\/\">Sigue lendo <span class=\"meta-nav\">&rarr;<\/span><\/a><\/p>\n","protected":false},"author":18,"featured_media":0,"comment_status":"open","ping_status":"open","sticky":false,"template":"","format":"standard","meta":{"footnotes":""},"categories":[8,1],"tags":[],"class_list":["post-269","post","type-post","status-publish","format-standard","hentry","category-curso-20-21","category-sen-categoria"],"_links":{"self":[{"href":"https:\/\/bitacoras.ceipdeolveira.org\/voznatura\/wp-json\/wp\/v2\/posts\/269","targetHints":{"allow":["GET"]}}],"collection":[{"href":"https:\/\/bitacoras.ceipdeolveira.org\/voznatura\/wp-json\/wp\/v2\/posts"}],"about":[{"href":"https:\/\/bitacoras.ceipdeolveira.org\/voznatura\/wp-json\/wp\/v2\/types\/post"}],"author":[{"embeddable":true,"href":"https:\/\/bitacoras.ceipdeolveira.org\/voznatura\/wp-json\/wp\/v2\/users\/18"}],"replies":[{"embeddable":true,"href":"https:\/\/bitacoras.ceipdeolveira.org\/voznatura\/wp-json\/wp\/v2\/comments?post=269"}],"version-history":[{"count":1,"href":"https:\/\/bitacoras.ceipdeolveira.org\/voznatura\/wp-json\/wp\/v2\/posts\/269\/revisions"}],"predecessor-version":[{"id":272,"href":"https:\/\/bitacoras.ceipdeolveira.org\/voznatura\/wp-json\/wp\/v2\/posts\/269\/revisions\/272"}],"wp:attachment":[{"href":"https:\/\/bitacoras.ceipdeolveira.org\/voznatura\/wp-json\/wp\/v2\/media?parent=269"}],"wp:term":[{"taxonomy":"category","embeddable":true,"href":"https:\/\/bitacoras.ceipdeolveira.org\/voznatura\/wp-json\/wp\/v2\/categories?post=269"},{"taxonomy":"post_tag","embeddable":true,"href":"https:\/\/bitacoras.ceipdeolveira.org\/voznatura\/wp-json\/wp\/v2\/tags?post=269"}],"curies":[{"name":"wp","href":"https:\/\/api.w.org\/{rel}","templated":true}]}}