{"id":351,"date":"2022-02-23T21:19:35","date_gmt":"2022-02-23T21:19:35","guid":{"rendered":"https:\/\/bitacoras.ceipdeolveira.org\/voznatura\/?p=351"},"modified":"2022-10-25T15:38:21","modified_gmt":"2022-10-25T15:38:21","slug":"perexil","status":"publish","type":"post","link":"https:\/\/bitacoras.ceipdeolveira.org\/voznatura\/2022\/02\/23\/perexil\/","title":{"rendered":"Perexil"},"content":{"rendered":"\n<div class=\"wp-block-image\"><figure class=\"aligncenter size-full\"><img loading=\"lazy\" decoding=\"async\" width=\"800\" height=\"448\" src=\"https:\/\/bitacoras.ceipdeolveira.org\/voznatura\/wp-content\/uploads\/sites\/20\/2022\/02\/20220221_164245_copy_800x448.jpg\" alt=\"\" class=\"wp-image-352\" srcset=\"https:\/\/bitacoras.ceipdeolveira.org\/voznatura\/wp-content\/uploads\/sites\/20\/2022\/02\/20220221_164245_copy_800x448.jpg 800w, https:\/\/bitacoras.ceipdeolveira.org\/voznatura\/wp-content\/uploads\/sites\/20\/2022\/02\/20220221_164245_copy_800x448-300x168.jpg 300w, https:\/\/bitacoras.ceipdeolveira.org\/voznatura\/wp-content\/uploads\/sites\/20\/2022\/02\/20220221_164245_copy_800x448-768x430.jpg 768w, https:\/\/bitacoras.ceipdeolveira.org\/voznatura\/wp-content\/uploads\/sites\/20\/2022\/02\/20220221_164245_copy_800x448-500x280.jpg 500w\" sizes=\"auto, (max-width: 800px) 100vw, 800px\" \/><\/figure><\/div>\n\n\n\n<p>O perexil \u00e9 unha planta herb\u00e1cea, coas follas moi divididas, de cor verde escura e flores amareladas en umbela. Distrib\u00faese por todo o mundo e empr\u00e9gase como condimento en moitas comidas.<br>O seu nome cient\u00edfico \u00e9 &#8220;petroselinum crispum&#8221;.Nesta imaxe algunhas nenas de 1\u00ba de Primaria amosan como medra o perexil que sementaron coa s\u00faa titora na aula.<\/p>\n","protected":false},"excerpt":{"rendered":"<p>O perexil \u00e9 unha planta herb\u00e1cea, coas follas moi divididas, de cor verde escura e flores amareladas en umbela. Distrib\u00faese por todo o mundo e empr\u00e9gase como condimento en moitas comidas.O seu nome cient\u00edfico \u00e9 &#8220;petroselinum crispum&#8221;.Nesta imaxe algunhas nenas &hellip; <a href=\"https:\/\/bitacoras.ceipdeolveira.org\/voznatura\/2022\/02\/23\/perexil\/\">Sigue lendo <span class=\"meta-nav\">&rarr;<\/span><\/a><\/p>\n","protected":false},"author":18,"featured_media":0,"comment_status":"open","ping_status":"open","sticky":false,"template":"","format":"standard","meta":{"footnotes":""},"categories":[7,1],"tags":[],"class_list":["post-351","post","type-post","status-publish","format-standard","hentry","category-curso-21-22","category-sen-categoria"],"_links":{"self":[{"href":"https:\/\/bitacoras.ceipdeolveira.org\/voznatura\/wp-json\/wp\/v2\/posts\/351","targetHints":{"allow":["GET"]}}],"collection":[{"href":"https:\/\/bitacoras.ceipdeolveira.org\/voznatura\/wp-json\/wp\/v2\/posts"}],"about":[{"href":"https:\/\/bitacoras.ceipdeolveira.org\/voznatura\/wp-json\/wp\/v2\/types\/post"}],"author":[{"embeddable":true,"href":"https:\/\/bitacoras.ceipdeolveira.org\/voznatura\/wp-json\/wp\/v2\/users\/18"}],"replies":[{"embeddable":true,"href":"https:\/\/bitacoras.ceipdeolveira.org\/voznatura\/wp-json\/wp\/v2\/comments?post=351"}],"version-history":[{"count":1,"href":"https:\/\/bitacoras.ceipdeolveira.org\/voznatura\/wp-json\/wp\/v2\/posts\/351\/revisions"}],"predecessor-version":[{"id":353,"href":"https:\/\/bitacoras.ceipdeolveira.org\/voznatura\/wp-json\/wp\/v2\/posts\/351\/revisions\/353"}],"wp:attachment":[{"href":"https:\/\/bitacoras.ceipdeolveira.org\/voznatura\/wp-json\/wp\/v2\/media?parent=351"}],"wp:term":[{"taxonomy":"category","embeddable":true,"href":"https:\/\/bitacoras.ceipdeolveira.org\/voznatura\/wp-json\/wp\/v2\/categories?post=351"},{"taxonomy":"post_tag","embeddable":true,"href":"https:\/\/bitacoras.ceipdeolveira.org\/voznatura\/wp-json\/wp\/v2\/tags?post=351"}],"curies":[{"name":"wp","href":"https:\/\/api.w.org\/{rel}","templated":true}]}}