{"id":355,"date":"2022-03-08T10:14:15","date_gmt":"2022-03-08T10:14:15","guid":{"rendered":"https:\/\/bitacoras.ceipdeolveira.org\/voznatura\/?p=355"},"modified":"2022-10-25T15:38:21","modified_gmt":"2022-10-25T15:38:21","slug":"bellis-perennis","status":"publish","type":"post","link":"https:\/\/bitacoras.ceipdeolveira.org\/voznatura\/2022\/03\/08\/bellis-perennis\/","title":{"rendered":"Bellis perennis"},"content":{"rendered":"\n<figure class=\"wp-block-gallery has-nested-images columns-default is-cropped wp-block-gallery-1 is-layout-flex wp-block-gallery-is-layout-flex\">\n<figure class=\"wp-block-image size-large\"><img loading=\"lazy\" decoding=\"async\" width=\"800\" height=\"600\" data-id=\"357\" src=\"https:\/\/bitacoras.ceipdeolveira.org\/voznatura\/wp-content\/uploads\/sites\/20\/2022\/03\/20220224_162356_copy_800x600.jpg\" alt=\"\" class=\"wp-image-357\" srcset=\"https:\/\/bitacoras.ceipdeolveira.org\/voznatura\/wp-content\/uploads\/sites\/20\/2022\/03\/20220224_162356_copy_800x600.jpg 800w, https:\/\/bitacoras.ceipdeolveira.org\/voznatura\/wp-content\/uploads\/sites\/20\/2022\/03\/20220224_162356_copy_800x600-300x225.jpg 300w, https:\/\/bitacoras.ceipdeolveira.org\/voznatura\/wp-content\/uploads\/sites\/20\/2022\/03\/20220224_162356_copy_800x600-768x576.jpg 768w, https:\/\/bitacoras.ceipdeolveira.org\/voznatura\/wp-content\/uploads\/sites\/20\/2022\/03\/20220224_162356_copy_800x600-400x300.jpg 400w\" sizes=\"auto, (max-width: 800px) 100vw, 800px\" \/><\/figure>\n\n\n\n<figure class=\"wp-block-image size-large\"><img loading=\"lazy\" decoding=\"async\" width=\"800\" height=\"600\" data-id=\"358\" src=\"https:\/\/bitacoras.ceipdeolveira.org\/voznatura\/wp-content\/uploads\/sites\/20\/2022\/03\/20220224_162434_copy_800x600.jpg\" alt=\"\" class=\"wp-image-358\" srcset=\"https:\/\/bitacoras.ceipdeolveira.org\/voznatura\/wp-content\/uploads\/sites\/20\/2022\/03\/20220224_162434_copy_800x600.jpg 800w, https:\/\/bitacoras.ceipdeolveira.org\/voznatura\/wp-content\/uploads\/sites\/20\/2022\/03\/20220224_162434_copy_800x600-300x225.jpg 300w, https:\/\/bitacoras.ceipdeolveira.org\/voznatura\/wp-content\/uploads\/sites\/20\/2022\/03\/20220224_162434_copy_800x600-768x576.jpg 768w, https:\/\/bitacoras.ceipdeolveira.org\/voznatura\/wp-content\/uploads\/sites\/20\/2022\/03\/20220224_162434_copy_800x600-400x300.jpg 400w\" sizes=\"auto, (max-width: 800px) 100vw, 800px\" \/><\/figure>\n\n\n\n<figure class=\"wp-block-image size-large\"><img loading=\"lazy\" decoding=\"async\" width=\"600\" height=\"800\" data-id=\"359\" src=\"https:\/\/bitacoras.ceipdeolveira.org\/voznatura\/wp-content\/uploads\/sites\/20\/2022\/03\/20220224_162518_copy_600x800.jpg\" alt=\"\" class=\"wp-image-359\" srcset=\"https:\/\/bitacoras.ceipdeolveira.org\/voznatura\/wp-content\/uploads\/sites\/20\/2022\/03\/20220224_162518_copy_600x800.jpg 600w, https:\/\/bitacoras.ceipdeolveira.org\/voznatura\/wp-content\/uploads\/sites\/20\/2022\/03\/20220224_162518_copy_600x800-225x300.jpg 225w\" sizes=\"auto, (max-width: 600px) 100vw, 600px\" \/><\/figure>\n\n\n\n<figure class=\"wp-block-image size-large\"><img loading=\"lazy\" decoding=\"async\" width=\"600\" height=\"800\" data-id=\"356\" src=\"https:\/\/bitacoras.ceipdeolveira.org\/voznatura\/wp-content\/uploads\/sites\/20\/2022\/03\/20220308_101538_copy_600x800.jpg\" alt=\"\" class=\"wp-image-356\" srcset=\"https:\/\/bitacoras.ceipdeolveira.org\/voznatura\/wp-content\/uploads\/sites\/20\/2022\/03\/20220308_101538_copy_600x800.jpg 600w, https:\/\/bitacoras.ceipdeolveira.org\/voznatura\/wp-content\/uploads\/sites\/20\/2022\/03\/20220308_101538_copy_600x800-225x300.jpg 225w\" sizes=\"auto, (max-width: 600px) 100vw, 600px\" \/><\/figure>\n<\/figure>\n\n\n\n<p>&#8220;Bellis perennis&#8221; \u00e9 o nome cient\u00edfico da margarida com\u00fan ou europea. \u00c9 unha planta herb\u00e1cea orixinaria do Norte de \u00c1frica e de Asia Central que na actualidade est\u00e1 estendida por todo o mundo.<br>Os alumnos e alumnas de 6\u00ba de Primaria observan, estudan e coidan as margaridas plantadas no patio do cole. Tam\u00e9n est\u00e1n preparando o terreo para plantar m\u00e1is margaridas e outras plantas nos vindeiros d\u00edas.<\/p>\n","protected":false},"excerpt":{"rendered":"<p>&#8220;Bellis perennis&#8221; \u00e9 o nome cient\u00edfico da margarida com\u00fan ou europea. \u00c9 unha planta herb\u00e1cea orixinaria do Norte de \u00c1frica e de Asia Central que na actualidade est\u00e1 estendida por todo o mundo.Os alumnos e alumnas de 6\u00ba de Primaria &hellip; <a href=\"https:\/\/bitacoras.ceipdeolveira.org\/voznatura\/2022\/03\/08\/bellis-perennis\/\">Sigue lendo <span class=\"meta-nav\">&rarr;<\/span><\/a><\/p>\n","protected":false},"author":18,"featured_media":0,"comment_status":"open","ping_status":"open","sticky":false,"template":"","format":"standard","meta":{"footnotes":""},"categories":[7,1],"tags":[],"class_list":["post-355","post","type-post","status-publish","format-standard","hentry","category-curso-21-22","category-sen-categoria"],"_links":{"self":[{"href":"https:\/\/bitacoras.ceipdeolveira.org\/voznatura\/wp-json\/wp\/v2\/posts\/355","targetHints":{"allow":["GET"]}}],"collection":[{"href":"https:\/\/bitacoras.ceipdeolveira.org\/voznatura\/wp-json\/wp\/v2\/posts"}],"about":[{"href":"https:\/\/bitacoras.ceipdeolveira.org\/voznatura\/wp-json\/wp\/v2\/types\/post"}],"author":[{"embeddable":true,"href":"https:\/\/bitacoras.ceipdeolveira.org\/voznatura\/wp-json\/wp\/v2\/users\/18"}],"replies":[{"embeddable":true,"href":"https:\/\/bitacoras.ceipdeolveira.org\/voznatura\/wp-json\/wp\/v2\/comments?post=355"}],"version-history":[{"count":1,"href":"https:\/\/bitacoras.ceipdeolveira.org\/voznatura\/wp-json\/wp\/v2\/posts\/355\/revisions"}],"predecessor-version":[{"id":360,"href":"https:\/\/bitacoras.ceipdeolveira.org\/voznatura\/wp-json\/wp\/v2\/posts\/355\/revisions\/360"}],"wp:attachment":[{"href":"https:\/\/bitacoras.ceipdeolveira.org\/voznatura\/wp-json\/wp\/v2\/media?parent=355"}],"wp:term":[{"taxonomy":"category","embeddable":true,"href":"https:\/\/bitacoras.ceipdeolveira.org\/voznatura\/wp-json\/wp\/v2\/categories?post=355"},{"taxonomy":"post_tag","embeddable":true,"href":"https:\/\/bitacoras.ceipdeolveira.org\/voznatura\/wp-json\/wp\/v2\/tags?post=355"}],"curies":[{"name":"wp","href":"https:\/\/api.w.org\/{rel}","templated":true}]}}