{"id":415,"date":"2022-05-06T09:41:00","date_gmt":"2022-05-06T09:41:00","guid":{"rendered":"https:\/\/bitacoras.ceipdeolveira.org\/voznatura\/?p=415"},"modified":"2022-10-25T15:38:44","modified_gmt":"2022-10-25T15:38:44","slug":"sunflowers","status":"publish","type":"post","link":"https:\/\/bitacoras.ceipdeolveira.org\/voznatura\/2022\/05\/06\/sunflowers\/","title":{"rendered":"SUNFLOWERS"},"content":{"rendered":"\n<p>O alumnado de 3\u00ba de Primaria planta, rega e coida sementes de xirasoles na \u00e1rea de Art and Crafts. A actividade partiu dun conto traballado e coloreado coa auxiliar de conversa. Os nenos e nenas falaron en ingl\u00e9s do que \u00e9 necesario para plantar sementes e do importante que \u00e9 coidar a natureza.<\/p>\n\n\n\n<figure class=\"wp-block-image size-full\"><img loading=\"lazy\" decoding=\"async\" width=\"800\" height=\"600\" src=\"https:\/\/bitacoras.ceipdeolveira.org\/voznatura\/wp-content\/uploads\/sites\/20\/2022\/05\/20220406_132106_copy_800x600_1.jpg\" alt=\"\" class=\"wp-image-416\" srcset=\"https:\/\/bitacoras.ceipdeolveira.org\/voznatura\/wp-content\/uploads\/sites\/20\/2022\/05\/20220406_132106_copy_800x600_1.jpg 800w, https:\/\/bitacoras.ceipdeolveira.org\/voznatura\/wp-content\/uploads\/sites\/20\/2022\/05\/20220406_132106_copy_800x600_1-300x225.jpg 300w, https:\/\/bitacoras.ceipdeolveira.org\/voznatura\/wp-content\/uploads\/sites\/20\/2022\/05\/20220406_132106_copy_800x600_1-768x576.jpg 768w, https:\/\/bitacoras.ceipdeolveira.org\/voznatura\/wp-content\/uploads\/sites\/20\/2022\/05\/20220406_132106_copy_800x600_1-400x300.jpg 400w\" sizes=\"auto, (max-width: 800px) 100vw, 800px\" \/><\/figure>\n\n\n\n<figure class=\"wp-block-image size-full\"><img loading=\"lazy\" decoding=\"async\" width=\"800\" height=\"600\" src=\"https:\/\/bitacoras.ceipdeolveira.org\/voznatura\/wp-content\/uploads\/sites\/20\/2022\/05\/20220406_132618_copy_800x600_1.jpg\" alt=\"\" class=\"wp-image-417\" srcset=\"https:\/\/bitacoras.ceipdeolveira.org\/voznatura\/wp-content\/uploads\/sites\/20\/2022\/05\/20220406_132618_copy_800x600_1.jpg 800w, https:\/\/bitacoras.ceipdeolveira.org\/voznatura\/wp-content\/uploads\/sites\/20\/2022\/05\/20220406_132618_copy_800x600_1-300x225.jpg 300w, https:\/\/bitacoras.ceipdeolveira.org\/voznatura\/wp-content\/uploads\/sites\/20\/2022\/05\/20220406_132618_copy_800x600_1-768x576.jpg 768w, https:\/\/bitacoras.ceipdeolveira.org\/voznatura\/wp-content\/uploads\/sites\/20\/2022\/05\/20220406_132618_copy_800x600_1-400x300.jpg 400w\" sizes=\"auto, (max-width: 800px) 100vw, 800px\" \/><\/figure>\n\n\n\n<figure class=\"wp-block-image size-full\"><img loading=\"lazy\" decoding=\"async\" width=\"800\" height=\"600\" src=\"https:\/\/bitacoras.ceipdeolveira.org\/voznatura\/wp-content\/uploads\/sites\/20\/2022\/05\/20220406_132939_copy_800x600_1.jpg\" alt=\"\" class=\"wp-image-418\" srcset=\"https:\/\/bitacoras.ceipdeolveira.org\/voznatura\/wp-content\/uploads\/sites\/20\/2022\/05\/20220406_132939_copy_800x600_1.jpg 800w, https:\/\/bitacoras.ceipdeolveira.org\/voznatura\/wp-content\/uploads\/sites\/20\/2022\/05\/20220406_132939_copy_800x600_1-300x225.jpg 300w, https:\/\/bitacoras.ceipdeolveira.org\/voznatura\/wp-content\/uploads\/sites\/20\/2022\/05\/20220406_132939_copy_800x600_1-768x576.jpg 768w, https:\/\/bitacoras.ceipdeolveira.org\/voznatura\/wp-content\/uploads\/sites\/20\/2022\/05\/20220406_132939_copy_800x600_1-400x300.jpg 400w\" sizes=\"auto, (max-width: 800px) 100vw, 800px\" \/><\/figure>\n","protected":false},"excerpt":{"rendered":"<p>O alumnado de 3\u00ba de Primaria planta, rega e coida sementes de xirasoles na \u00e1rea de Art and Crafts. A actividade partiu dun conto traballado e coloreado coa auxiliar de conversa. Os nenos e nenas falaron en ingl\u00e9s do que &hellip; <a href=\"https:\/\/bitacoras.ceipdeolveira.org\/voznatura\/2022\/05\/06\/sunflowers\/\">Sigue lendo <span class=\"meta-nav\">&rarr;<\/span><\/a><\/p>\n","protected":false},"author":18,"featured_media":0,"comment_status":"open","ping_status":"open","sticky":false,"template":"","format":"standard","meta":{"footnotes":""},"categories":[7,1],"tags":[],"class_list":["post-415","post","type-post","status-publish","format-standard","hentry","category-curso-21-22","category-sen-categoria"],"_links":{"self":[{"href":"https:\/\/bitacoras.ceipdeolveira.org\/voznatura\/wp-json\/wp\/v2\/posts\/415","targetHints":{"allow":["GET"]}}],"collection":[{"href":"https:\/\/bitacoras.ceipdeolveira.org\/voznatura\/wp-json\/wp\/v2\/posts"}],"about":[{"href":"https:\/\/bitacoras.ceipdeolveira.org\/voznatura\/wp-json\/wp\/v2\/types\/post"}],"author":[{"embeddable":true,"href":"https:\/\/bitacoras.ceipdeolveira.org\/voznatura\/wp-json\/wp\/v2\/users\/18"}],"replies":[{"embeddable":true,"href":"https:\/\/bitacoras.ceipdeolveira.org\/voznatura\/wp-json\/wp\/v2\/comments?post=415"}],"version-history":[{"count":1,"href":"https:\/\/bitacoras.ceipdeolveira.org\/voznatura\/wp-json\/wp\/v2\/posts\/415\/revisions"}],"predecessor-version":[{"id":419,"href":"https:\/\/bitacoras.ceipdeolveira.org\/voznatura\/wp-json\/wp\/v2\/posts\/415\/revisions\/419"}],"wp:attachment":[{"href":"https:\/\/bitacoras.ceipdeolveira.org\/voznatura\/wp-json\/wp\/v2\/media?parent=415"}],"wp:term":[{"taxonomy":"category","embeddable":true,"href":"https:\/\/bitacoras.ceipdeolveira.org\/voznatura\/wp-json\/wp\/v2\/categories?post=415"},{"taxonomy":"post_tag","embeddable":true,"href":"https:\/\/bitacoras.ceipdeolveira.org\/voznatura\/wp-json\/wp\/v2\/tags?post=415"}],"curies":[{"name":"wp","href":"https:\/\/api.w.org\/{rel}","templated":true}]}}