{"id":421,"date":"2022-05-11T10:29:44","date_gmt":"2022-05-11T10:29:44","guid":{"rendered":"https:\/\/bitacoras.ceipdeolveira.org\/voznatura\/?p=421"},"modified":"2022-10-25T15:38:44","modified_gmt":"2022-10-25T15:38:44","slug":"saida-ao-parque-natural%ef%bf%bc","status":"publish","type":"post","link":"https:\/\/bitacoras.ceipdeolveira.org\/voznatura\/2022\/05\/11\/saida-ao-parque-natural%ef%bf%bc\/","title":{"rendered":"Sa\u00edda ao Parque Natural"},"content":{"rendered":"\n<p>O pasado xoves, o alumnado de 6\u00ba e 4\u00b0 de Primaria e os seus titores participaron na actividade pedag\u00f3xica organizada por Voz Natura no Parque Natural de Corrubedo. Equipados con luvas e bolsas&nbsp; observaron e recolleron plantas invasoras seguindo as indicaciones do t\u00e9cnico do parque.&nbsp; Deste xeito co\u00f1eceron, observaron e coidaron o noso entorno natural, xunto a nenos e nenas doutros coles, dun xeito pr\u00e1ctico.<\/p>\n\n\n\n<figure class=\"wp-block-image size-full\"><img loading=\"lazy\" decoding=\"async\" width=\"600\" height=\"800\" src=\"https:\/\/bitacoras.ceipdeolveira.org\/voznatura\/wp-content\/uploads\/sites\/20\/2022\/05\/IMG-20220506-WA0005_copy_600x800.jpg\" alt=\"\" class=\"wp-image-422\" srcset=\"https:\/\/bitacoras.ceipdeolveira.org\/voznatura\/wp-content\/uploads\/sites\/20\/2022\/05\/IMG-20220506-WA0005_copy_600x800.jpg 600w, https:\/\/bitacoras.ceipdeolveira.org\/voznatura\/wp-content\/uploads\/sites\/20\/2022\/05\/IMG-20220506-WA0005_copy_600x800-225x300.jpg 225w\" sizes=\"auto, (max-width: 600px) 100vw, 600px\" \/><\/figure>\n\n\n\n<figure class=\"wp-block-image size-full\"><img loading=\"lazy\" decoding=\"async\" width=\"800\" height=\"600\" src=\"https:\/\/bitacoras.ceipdeolveira.org\/voznatura\/wp-content\/uploads\/sites\/20\/2022\/05\/IMG-20220506-WA0008_copy_800x600.jpg\" alt=\"\" class=\"wp-image-423\" srcset=\"https:\/\/bitacoras.ceipdeolveira.org\/voznatura\/wp-content\/uploads\/sites\/20\/2022\/05\/IMG-20220506-WA0008_copy_800x600.jpg 800w, https:\/\/bitacoras.ceipdeolveira.org\/voznatura\/wp-content\/uploads\/sites\/20\/2022\/05\/IMG-20220506-WA0008_copy_800x600-300x225.jpg 300w, https:\/\/bitacoras.ceipdeolveira.org\/voznatura\/wp-content\/uploads\/sites\/20\/2022\/05\/IMG-20220506-WA0008_copy_800x600-768x576.jpg 768w, https:\/\/bitacoras.ceipdeolveira.org\/voznatura\/wp-content\/uploads\/sites\/20\/2022\/05\/IMG-20220506-WA0008_copy_800x600-400x300.jpg 400w\" sizes=\"auto, (max-width: 800px) 100vw, 800px\" \/><\/figure>\n\n\n\n<figure class=\"wp-block-image size-full\"><img loading=\"lazy\" decoding=\"async\" width=\"800\" height=\"800\" src=\"https:\/\/bitacoras.ceipdeolveira.org\/voznatura\/wp-content\/uploads\/sites\/20\/2022\/05\/IMG-20220506-WA0043_copy_800x800.jpg\" alt=\"\" class=\"wp-image-424\" srcset=\"https:\/\/bitacoras.ceipdeolveira.org\/voznatura\/wp-content\/uploads\/sites\/20\/2022\/05\/IMG-20220506-WA0043_copy_800x800.jpg 800w, https:\/\/bitacoras.ceipdeolveira.org\/voznatura\/wp-content\/uploads\/sites\/20\/2022\/05\/IMG-20220506-WA0043_copy_800x800-300x300.jpg 300w, https:\/\/bitacoras.ceipdeolveira.org\/voznatura\/wp-content\/uploads\/sites\/20\/2022\/05\/IMG-20220506-WA0043_copy_800x800-150x150.jpg 150w, https:\/\/bitacoras.ceipdeolveira.org\/voznatura\/wp-content\/uploads\/sites\/20\/2022\/05\/IMG-20220506-WA0043_copy_800x800-768x768.jpg 768w\" sizes=\"auto, (max-width: 800px) 100vw, 800px\" \/><\/figure>\n","protected":false},"excerpt":{"rendered":"<p>O pasado xoves, o alumnado de 6\u00ba e 4\u00b0 de Primaria e os seus titores participaron na actividade pedag\u00f3xica organizada por Voz Natura no Parque Natural de Corrubedo. Equipados con luvas e bolsas&nbsp; observaron e recolleron plantas invasoras seguindo as &hellip; <a href=\"https:\/\/bitacoras.ceipdeolveira.org\/voznatura\/2022\/05\/11\/saida-ao-parque-natural%ef%bf%bc\/\">Sigue lendo <span class=\"meta-nav\">&rarr;<\/span><\/a><\/p>\n","protected":false},"author":18,"featured_media":0,"comment_status":"open","ping_status":"open","sticky":false,"template":"","format":"standard","meta":{"footnotes":""},"categories":[7,1],"tags":[],"class_list":["post-421","post","type-post","status-publish","format-standard","hentry","category-curso-21-22","category-sen-categoria"],"_links":{"self":[{"href":"https:\/\/bitacoras.ceipdeolveira.org\/voznatura\/wp-json\/wp\/v2\/posts\/421","targetHints":{"allow":["GET"]}}],"collection":[{"href":"https:\/\/bitacoras.ceipdeolveira.org\/voznatura\/wp-json\/wp\/v2\/posts"}],"about":[{"href":"https:\/\/bitacoras.ceipdeolveira.org\/voznatura\/wp-json\/wp\/v2\/types\/post"}],"author":[{"embeddable":true,"href":"https:\/\/bitacoras.ceipdeolveira.org\/voznatura\/wp-json\/wp\/v2\/users\/18"}],"replies":[{"embeddable":true,"href":"https:\/\/bitacoras.ceipdeolveira.org\/voznatura\/wp-json\/wp\/v2\/comments?post=421"}],"version-history":[{"count":2,"href":"https:\/\/bitacoras.ceipdeolveira.org\/voznatura\/wp-json\/wp\/v2\/posts\/421\/revisions"}],"predecessor-version":[{"id":426,"href":"https:\/\/bitacoras.ceipdeolveira.org\/voznatura\/wp-json\/wp\/v2\/posts\/421\/revisions\/426"}],"wp:attachment":[{"href":"https:\/\/bitacoras.ceipdeolveira.org\/voznatura\/wp-json\/wp\/v2\/media?parent=421"}],"wp:term":[{"taxonomy":"category","embeddable":true,"href":"https:\/\/bitacoras.ceipdeolveira.org\/voznatura\/wp-json\/wp\/v2\/categories?post=421"},{"taxonomy":"post_tag","embeddable":true,"href":"https:\/\/bitacoras.ceipdeolveira.org\/voznatura\/wp-json\/wp\/v2\/tags?post=421"}],"curies":[{"name":"wp","href":"https:\/\/api.w.org\/{rel}","templated":true}]}}