{"id":427,"date":"2022-04-22T10:31:00","date_gmt":"2022-04-22T10:31:00","guid":{"rendered":"https:\/\/bitacoras.ceipdeolveira.org\/voznatura\/?p=427"},"modified":"2022-10-25T15:38:44","modified_gmt":"2022-10-25T15:38:44","slug":"o-dia-da-terra-e-todos-os-dias%ef%bf%bc","status":"publish","type":"post","link":"https:\/\/bitacoras.ceipdeolveira.org\/voznatura\/2022\/04\/22\/o-dia-da-terra-e-todos-os-dias%ef%bf%bc\/","title":{"rendered":"O D\u00eda da Terra \u00e9 todos os d\u00edas"},"content":{"rendered":"\n<p>Os nenos e nenas de 3\u00b0 e 4\u00b0 de Primaria falaron en ingl\u00e9s coa auxiliar de conversa e coa s\u00faa profe das cousas que podemos facer cada d\u00eda para coidar o noso planeta. Despois en Art and Crafts plasmaron nun mural&nbsp; todos as propostas.<\/p>\n\n\n\n<figure class=\"wp-block-image size-full\"><img loading=\"lazy\" decoding=\"async\" width=\"800\" height=\"600\" src=\"https:\/\/bitacoras.ceipdeolveira.org\/voznatura\/wp-content\/uploads\/sites\/20\/2022\/05\/20220429_114812_copy_800x600_1.jpg\" alt=\"\" class=\"wp-image-428\" srcset=\"https:\/\/bitacoras.ceipdeolveira.org\/voznatura\/wp-content\/uploads\/sites\/20\/2022\/05\/20220429_114812_copy_800x600_1.jpg 800w, https:\/\/bitacoras.ceipdeolveira.org\/voznatura\/wp-content\/uploads\/sites\/20\/2022\/05\/20220429_114812_copy_800x600_1-300x225.jpg 300w, https:\/\/bitacoras.ceipdeolveira.org\/voznatura\/wp-content\/uploads\/sites\/20\/2022\/05\/20220429_114812_copy_800x600_1-768x576.jpg 768w, https:\/\/bitacoras.ceipdeolveira.org\/voznatura\/wp-content\/uploads\/sites\/20\/2022\/05\/20220429_114812_copy_800x600_1-400x300.jpg 400w\" sizes=\"auto, (max-width: 800px) 100vw, 800px\" \/><\/figure>\n\n\n\n<figure class=\"wp-block-image size-full\"><img loading=\"lazy\" decoding=\"async\" width=\"800\" height=\"600\" src=\"https:\/\/bitacoras.ceipdeolveira.org\/voznatura\/wp-content\/uploads\/sites\/20\/2022\/05\/20220510_094639_copy_800x600_1.jpg\" alt=\"\" class=\"wp-image-429\" srcset=\"https:\/\/bitacoras.ceipdeolveira.org\/voznatura\/wp-content\/uploads\/sites\/20\/2022\/05\/20220510_094639_copy_800x600_1.jpg 800w, https:\/\/bitacoras.ceipdeolveira.org\/voznatura\/wp-content\/uploads\/sites\/20\/2022\/05\/20220510_094639_copy_800x600_1-300x225.jpg 300w, https:\/\/bitacoras.ceipdeolveira.org\/voznatura\/wp-content\/uploads\/sites\/20\/2022\/05\/20220510_094639_copy_800x600_1-768x576.jpg 768w, https:\/\/bitacoras.ceipdeolveira.org\/voznatura\/wp-content\/uploads\/sites\/20\/2022\/05\/20220510_094639_copy_800x600_1-400x300.jpg 400w\" sizes=\"auto, (max-width: 800px) 100vw, 800px\" \/><\/figure>\n\n\n\n<figure class=\"wp-block-image size-full\"><img loading=\"lazy\" decoding=\"async\" width=\"800\" height=\"600\" src=\"https:\/\/bitacoras.ceipdeolveira.org\/voznatura\/wp-content\/uploads\/sites\/20\/2022\/05\/20220510_094646_copy_800x600_1.jpg\" alt=\"\" class=\"wp-image-430\" srcset=\"https:\/\/bitacoras.ceipdeolveira.org\/voznatura\/wp-content\/uploads\/sites\/20\/2022\/05\/20220510_094646_copy_800x600_1.jpg 800w, https:\/\/bitacoras.ceipdeolveira.org\/voznatura\/wp-content\/uploads\/sites\/20\/2022\/05\/20220510_094646_copy_800x600_1-300x225.jpg 300w, https:\/\/bitacoras.ceipdeolveira.org\/voznatura\/wp-content\/uploads\/sites\/20\/2022\/05\/20220510_094646_copy_800x600_1-768x576.jpg 768w, https:\/\/bitacoras.ceipdeolveira.org\/voznatura\/wp-content\/uploads\/sites\/20\/2022\/05\/20220510_094646_copy_800x600_1-400x300.jpg 400w\" sizes=\"auto, (max-width: 800px) 100vw, 800px\" \/><\/figure>\n\n\n\n<p><\/p>\n","protected":false},"excerpt":{"rendered":"<p>Os nenos e nenas de 3\u00b0 e 4\u00b0 de Primaria falaron en ingl\u00e9s coa auxiliar de conversa e coa s\u00faa profe das cousas que podemos facer cada d\u00eda para coidar o noso planeta. Despois en Art and Crafts plasmaron nun &hellip; <a href=\"https:\/\/bitacoras.ceipdeolveira.org\/voznatura\/2022\/04\/22\/o-dia-da-terra-e-todos-os-dias%ef%bf%bc\/\">Sigue lendo <span class=\"meta-nav\">&rarr;<\/span><\/a><\/p>\n","protected":false},"author":18,"featured_media":0,"comment_status":"open","ping_status":"open","sticky":false,"template":"","format":"standard","meta":{"footnotes":""},"categories":[7,1],"tags":[],"class_list":["post-427","post","type-post","status-publish","format-standard","hentry","category-curso-21-22","category-sen-categoria"],"_links":{"self":[{"href":"https:\/\/bitacoras.ceipdeolveira.org\/voznatura\/wp-json\/wp\/v2\/posts\/427","targetHints":{"allow":["GET"]}}],"collection":[{"href":"https:\/\/bitacoras.ceipdeolveira.org\/voznatura\/wp-json\/wp\/v2\/posts"}],"about":[{"href":"https:\/\/bitacoras.ceipdeolveira.org\/voznatura\/wp-json\/wp\/v2\/types\/post"}],"author":[{"embeddable":true,"href":"https:\/\/bitacoras.ceipdeolveira.org\/voznatura\/wp-json\/wp\/v2\/users\/18"}],"replies":[{"embeddable":true,"href":"https:\/\/bitacoras.ceipdeolveira.org\/voznatura\/wp-json\/wp\/v2\/comments?post=427"}],"version-history":[{"count":2,"href":"https:\/\/bitacoras.ceipdeolveira.org\/voznatura\/wp-json\/wp\/v2\/posts\/427\/revisions"}],"predecessor-version":[{"id":464,"href":"https:\/\/bitacoras.ceipdeolveira.org\/voznatura\/wp-json\/wp\/v2\/posts\/427\/revisions\/464"}],"wp:attachment":[{"href":"https:\/\/bitacoras.ceipdeolveira.org\/voznatura\/wp-json\/wp\/v2\/media?parent=427"}],"wp:term":[{"taxonomy":"category","embeddable":true,"href":"https:\/\/bitacoras.ceipdeolveira.org\/voznatura\/wp-json\/wp\/v2\/categories?post=427"},{"taxonomy":"post_tag","embeddable":true,"href":"https:\/\/bitacoras.ceipdeolveira.org\/voznatura\/wp-json\/wp\/v2\/tags?post=427"}],"curies":[{"name":"wp","href":"https:\/\/api.w.org\/{rel}","templated":true}]}}