{"id":849,"date":"2024-04-05T08:14:58","date_gmt":"2024-04-05T08:14:58","guid":{"rendered":"https:\/\/bitacoras.ceipdeolveira.org\/voznatura\/?p=849"},"modified":"2024-04-05T08:14:58","modified_gmt":"2024-04-05T08:14:58","slug":"preparando-a-terra","status":"publish","type":"post","link":"https:\/\/bitacoras.ceipdeolveira.org\/voznatura\/2024\/04\/05\/preparando-a-terra\/","title":{"rendered":"Preparando a terra"},"content":{"rendered":"\n<p>O alumnado de 4\u00b0 de Primaria escoitou con atenci\u00f3n a Manolo e a Johanna, da Asociaci\u00f3n &#8220;Sachos \u00e1 R\u00faa&#8221;, sobre a importancia do coidado axeitado da terra para cultivala. Despois puxeron en pr\u00e1ctica alg\u00fans dos seus consellos.<\/p>\n\n\n\n<figure class=\"wp-block-image size-full\"><img loading=\"lazy\" decoding=\"async\" width=\"800\" height=\"800\" src=\"https:\/\/bitacoras.ceipdeolveira.org\/voznatura\/wp-content\/uploads\/sites\/20\/2024\/04\/GridArt_20240403_083011063.jpg\" alt=\"\" class=\"wp-image-850\" srcset=\"https:\/\/bitacoras.ceipdeolveira.org\/voznatura\/wp-content\/uploads\/sites\/20\/2024\/04\/GridArt_20240403_083011063.jpg 800w, https:\/\/bitacoras.ceipdeolveira.org\/voznatura\/wp-content\/uploads\/sites\/20\/2024\/04\/GridArt_20240403_083011063-300x300.jpg 300w, https:\/\/bitacoras.ceipdeolveira.org\/voznatura\/wp-content\/uploads\/sites\/20\/2024\/04\/GridArt_20240403_083011063-150x150.jpg 150w, https:\/\/bitacoras.ceipdeolveira.org\/voznatura\/wp-content\/uploads\/sites\/20\/2024\/04\/GridArt_20240403_083011063-768x768.jpg 768w\" sizes=\"auto, (max-width: 800px) 100vw, 800px\" \/><\/figure>\n","protected":false},"excerpt":{"rendered":"<p>O alumnado de 4\u00b0 de Primaria escoitou con atenci\u00f3n a Manolo e a Johanna, da Asociaci\u00f3n &#8220;Sachos \u00e1 R\u00faa&#8221;, sobre a importancia do coidado axeitado da terra para cultivala. Despois puxeron en pr\u00e1ctica alg\u00fans dos seus consellos.<\/p>\n","protected":false},"author":18,"featured_media":0,"comment_status":"open","ping_status":"open","sticky":false,"template":"","format":"standard","meta":{"footnotes":""},"categories":[9],"tags":[],"class_list":["post-849","post","type-post","status-publish","format-standard","hentry","category-curso-23-24"],"_links":{"self":[{"href":"https:\/\/bitacoras.ceipdeolveira.org\/voznatura\/wp-json\/wp\/v2\/posts\/849","targetHints":{"allow":["GET"]}}],"collection":[{"href":"https:\/\/bitacoras.ceipdeolveira.org\/voznatura\/wp-json\/wp\/v2\/posts"}],"about":[{"href":"https:\/\/bitacoras.ceipdeolveira.org\/voznatura\/wp-json\/wp\/v2\/types\/post"}],"author":[{"embeddable":true,"href":"https:\/\/bitacoras.ceipdeolveira.org\/voznatura\/wp-json\/wp\/v2\/users\/18"}],"replies":[{"embeddable":true,"href":"https:\/\/bitacoras.ceipdeolveira.org\/voznatura\/wp-json\/wp\/v2\/comments?post=849"}],"version-history":[{"count":1,"href":"https:\/\/bitacoras.ceipdeolveira.org\/voznatura\/wp-json\/wp\/v2\/posts\/849\/revisions"}],"predecessor-version":[{"id":851,"href":"https:\/\/bitacoras.ceipdeolveira.org\/voznatura\/wp-json\/wp\/v2\/posts\/849\/revisions\/851"}],"wp:attachment":[{"href":"https:\/\/bitacoras.ceipdeolveira.org\/voznatura\/wp-json\/wp\/v2\/media?parent=849"}],"wp:term":[{"taxonomy":"category","embeddable":true,"href":"https:\/\/bitacoras.ceipdeolveira.org\/voznatura\/wp-json\/wp\/v2\/categories?post=849"},{"taxonomy":"post_tag","embeddable":true,"href":"https:\/\/bitacoras.ceipdeolveira.org\/voznatura\/wp-json\/wp\/v2\/tags?post=849"}],"curies":[{"name":"wp","href":"https:\/\/api.w.org\/{rel}","templated":true}]}}