{"id":852,"date":"2024-04-09T08:15:10","date_gmt":"2024-04-09T08:15:10","guid":{"rendered":"https:\/\/bitacoras.ceipdeolveira.org\/voznatura\/?p=852"},"modified":"2024-04-05T08:16:45","modified_gmt":"2024-04-05T08:16:45","slug":"plantas-aromaticas-3","status":"publish","type":"post","link":"https:\/\/bitacoras.ceipdeolveira.org\/voznatura\/2024\/04\/09\/plantas-aromaticas-3\/","title":{"rendered":"Plantas arom\u00e1ticas"},"content":{"rendered":"\n<p>O alumnado de 4\u00b0 de Educaci\u00f3n Infantil aproveitou o bo tempo para sementar plantas arom\u00e1ticas coa s\u00faa mestra.<\/p>\n\n\n\n<figure class=\"wp-block-image size-full\"><img loading=\"lazy\" decoding=\"async\" width=\"800\" height=\"800\" src=\"https:\/\/bitacoras.ceipdeolveira.org\/voznatura\/wp-content\/uploads\/sites\/20\/2024\/04\/inf.jpg\" alt=\"\" class=\"wp-image-853\" srcset=\"https:\/\/bitacoras.ceipdeolveira.org\/voznatura\/wp-content\/uploads\/sites\/20\/2024\/04\/inf.jpg 800w, https:\/\/bitacoras.ceipdeolveira.org\/voznatura\/wp-content\/uploads\/sites\/20\/2024\/04\/inf-300x300.jpg 300w, https:\/\/bitacoras.ceipdeolveira.org\/voznatura\/wp-content\/uploads\/sites\/20\/2024\/04\/inf-150x150.jpg 150w, https:\/\/bitacoras.ceipdeolveira.org\/voznatura\/wp-content\/uploads\/sites\/20\/2024\/04\/inf-768x768.jpg 768w\" sizes=\"auto, (max-width: 800px) 100vw, 800px\" \/><\/figure>\n","protected":false},"excerpt":{"rendered":"<p>O alumnado de 4\u00b0 de Educaci\u00f3n Infantil aproveitou o bo tempo para sementar plantas arom\u00e1ticas coa s\u00faa mestra.<\/p>\n","protected":false},"author":18,"featured_media":0,"comment_status":"open","ping_status":"open","sticky":false,"template":"","format":"standard","meta":{"footnotes":""},"categories":[9],"tags":[],"class_list":["post-852","post","type-post","status-publish","format-standard","hentry","category-curso-23-24"],"_links":{"self":[{"href":"https:\/\/bitacoras.ceipdeolveira.org\/voznatura\/wp-json\/wp\/v2\/posts\/852","targetHints":{"allow":["GET"]}}],"collection":[{"href":"https:\/\/bitacoras.ceipdeolveira.org\/voznatura\/wp-json\/wp\/v2\/posts"}],"about":[{"href":"https:\/\/bitacoras.ceipdeolveira.org\/voznatura\/wp-json\/wp\/v2\/types\/post"}],"author":[{"embeddable":true,"href":"https:\/\/bitacoras.ceipdeolveira.org\/voznatura\/wp-json\/wp\/v2\/users\/18"}],"replies":[{"embeddable":true,"href":"https:\/\/bitacoras.ceipdeolveira.org\/voznatura\/wp-json\/wp\/v2\/comments?post=852"}],"version-history":[{"count":1,"href":"https:\/\/bitacoras.ceipdeolveira.org\/voznatura\/wp-json\/wp\/v2\/posts\/852\/revisions"}],"predecessor-version":[{"id":854,"href":"https:\/\/bitacoras.ceipdeolveira.org\/voznatura\/wp-json\/wp\/v2\/posts\/852\/revisions\/854"}],"wp:attachment":[{"href":"https:\/\/bitacoras.ceipdeolveira.org\/voznatura\/wp-json\/wp\/v2\/media?parent=852"}],"wp:term":[{"taxonomy":"category","embeddable":true,"href":"https:\/\/bitacoras.ceipdeolveira.org\/voznatura\/wp-json\/wp\/v2\/categories?post=852"},{"taxonomy":"post_tag","embeddable":true,"href":"https:\/\/bitacoras.ceipdeolveira.org\/voznatura\/wp-json\/wp\/v2\/tags?post=852"}],"curies":[{"name":"wp","href":"https:\/\/api.w.org\/{rel}","templated":true}]}}