{"id":869,"date":"2024-04-22T10:49:39","date_gmt":"2024-04-22T10:49:39","guid":{"rendered":"https:\/\/bitacoras.ceipdeolveira.org\/voznatura\/?p=869"},"modified":"2024-04-25T10:50:03","modified_gmt":"2024-04-25T10:50:03","slug":"dia-mundial-da-terra","status":"publish","type":"post","link":"https:\/\/bitacoras.ceipdeolveira.org\/voznatura\/2024\/04\/22\/dia-mundial-da-terra\/","title":{"rendered":"D\u00eda Mundial da Terra"},"content":{"rendered":"\n<figure class=\"wp-block-image size-full\"><img loading=\"lazy\" decoding=\"async\" width=\"800\" height=\"800\" src=\"https:\/\/bitacoras.ceipdeolveira.org\/voznatura\/wp-content\/uploads\/sites\/20\/2024\/04\/GridArt_20240425_082412728.jpg\" alt=\"\" class=\"wp-image-870\" srcset=\"https:\/\/bitacoras.ceipdeolveira.org\/voznatura\/wp-content\/uploads\/sites\/20\/2024\/04\/GridArt_20240425_082412728.jpg 800w, https:\/\/bitacoras.ceipdeolveira.org\/voznatura\/wp-content\/uploads\/sites\/20\/2024\/04\/GridArt_20240425_082412728-300x300.jpg 300w, https:\/\/bitacoras.ceipdeolveira.org\/voznatura\/wp-content\/uploads\/sites\/20\/2024\/04\/GridArt_20240425_082412728-150x150.jpg 150w, https:\/\/bitacoras.ceipdeolveira.org\/voznatura\/wp-content\/uploads\/sites\/20\/2024\/04\/GridArt_20240425_082412728-768x768.jpg 768w\" sizes=\"auto, (max-width: 800px) 100vw, 800px\" \/><\/figure>\n\n\n\n<p>O alumnado de 4\u00b0 de Primaria realizou un traballo de investigaci\u00f3n&nbsp; elaborando varios libros mural sobre a importancia do consumo responsable, a reciclaxe e o coidado do noso planeta na nosa vida coti\u00e1.<\/p>\n\n\n\n<p>O D\u00eda da Terra \u00e9 t\u00f3dolos d\u00eda!<\/p>\n\n\n\n<p><\/p>\n","protected":false},"excerpt":{"rendered":"<p>O alumnado de 4\u00b0 de Primaria realizou un traballo de investigaci\u00f3n&nbsp; elaborando varios libros mural sobre a importancia do consumo responsable, a reciclaxe e o coidado do noso planeta na nosa vida coti\u00e1. O D\u00eda da Terra \u00e9 t\u00f3dolos d\u00eda!<\/p>\n","protected":false},"author":18,"featured_media":0,"comment_status":"open","ping_status":"open","sticky":false,"template":"","format":"standard","meta":{"footnotes":""},"categories":[9],"tags":[],"class_list":["post-869","post","type-post","status-publish","format-standard","hentry","category-curso-23-24"],"_links":{"self":[{"href":"https:\/\/bitacoras.ceipdeolveira.org\/voznatura\/wp-json\/wp\/v2\/posts\/869","targetHints":{"allow":["GET"]}}],"collection":[{"href":"https:\/\/bitacoras.ceipdeolveira.org\/voznatura\/wp-json\/wp\/v2\/posts"}],"about":[{"href":"https:\/\/bitacoras.ceipdeolveira.org\/voznatura\/wp-json\/wp\/v2\/types\/post"}],"author":[{"embeddable":true,"href":"https:\/\/bitacoras.ceipdeolveira.org\/voznatura\/wp-json\/wp\/v2\/users\/18"}],"replies":[{"embeddable":true,"href":"https:\/\/bitacoras.ceipdeolveira.org\/voznatura\/wp-json\/wp\/v2\/comments?post=869"}],"version-history":[{"count":1,"href":"https:\/\/bitacoras.ceipdeolveira.org\/voznatura\/wp-json\/wp\/v2\/posts\/869\/revisions"}],"predecessor-version":[{"id":871,"href":"https:\/\/bitacoras.ceipdeolveira.org\/voznatura\/wp-json\/wp\/v2\/posts\/869\/revisions\/871"}],"wp:attachment":[{"href":"https:\/\/bitacoras.ceipdeolveira.org\/voznatura\/wp-json\/wp\/v2\/media?parent=869"}],"wp:term":[{"taxonomy":"category","embeddable":true,"href":"https:\/\/bitacoras.ceipdeolveira.org\/voznatura\/wp-json\/wp\/v2\/categories?post=869"},{"taxonomy":"post_tag","embeddable":true,"href":"https:\/\/bitacoras.ceipdeolveira.org\/voznatura\/wp-json\/wp\/v2\/tags?post=869"}],"curies":[{"name":"wp","href":"https:\/\/api.w.org\/{rel}","templated":true}]}}