{"id":905,"date":"2024-06-14T09:46:23","date_gmt":"2024-06-14T09:46:23","guid":{"rendered":"https:\/\/bitacoras.ceipdeolveira.org\/voznatura\/?p=905"},"modified":"2024-06-14T09:46:24","modified_gmt":"2024-06-14T09:46:24","slug":"as-nosas-arbores-froiteiras-medran-e-medran","status":"publish","type":"post","link":"https:\/\/bitacoras.ceipdeolveira.org\/voznatura\/2024\/06\/14\/as-nosas-arbores-froiteiras-medran-e-medran\/","title":{"rendered":"As nosas \u00e1rbores froiteiras medran e medran"},"content":{"rendered":"\n<p>Axi\u00f1a teremos peras e maz\u00e1s.<\/p>\n\n\n\n<p>\u00c1s \u00e1rbores froiteiras que plantaron os nenos e nenas do cole, cos seus mestres e mestras o curso anterior, seguen medrando<\/p>\n\n\n\n<figure class=\"wp-block-image size-full\"><img loading=\"lazy\" decoding=\"async\" width=\"800\" height=\"800\" src=\"https:\/\/bitacoras.ceipdeolveira.org\/voznatura\/wp-content\/uploads\/sites\/20\/2024\/06\/GridArt_20240614_080719861.jpg\" alt=\"\" class=\"wp-image-906\" srcset=\"https:\/\/bitacoras.ceipdeolveira.org\/voznatura\/wp-content\/uploads\/sites\/20\/2024\/06\/GridArt_20240614_080719861.jpg 800w, https:\/\/bitacoras.ceipdeolveira.org\/voznatura\/wp-content\/uploads\/sites\/20\/2024\/06\/GridArt_20240614_080719861-300x300.jpg 300w, https:\/\/bitacoras.ceipdeolveira.org\/voznatura\/wp-content\/uploads\/sites\/20\/2024\/06\/GridArt_20240614_080719861-150x150.jpg 150w, https:\/\/bitacoras.ceipdeolveira.org\/voznatura\/wp-content\/uploads\/sites\/20\/2024\/06\/GridArt_20240614_080719861-768x768.jpg 768w\" sizes=\"auto, (max-width: 800px) 100vw, 800px\" \/><\/figure>\n","protected":false},"excerpt":{"rendered":"<p>Axi\u00f1a teremos peras e maz\u00e1s. \u00c1s \u00e1rbores froiteiras que plantaron os nenos e nenas do cole, cos seus mestres e mestras o curso anterior, seguen medrando<\/p>\n","protected":false},"author":18,"featured_media":0,"comment_status":"open","ping_status":"open","sticky":false,"template":"","format":"standard","meta":{"footnotes":""},"categories":[9],"tags":[],"class_list":["post-905","post","type-post","status-publish","format-standard","hentry","category-curso-23-24"],"_links":{"self":[{"href":"https:\/\/bitacoras.ceipdeolveira.org\/voznatura\/wp-json\/wp\/v2\/posts\/905","targetHints":{"allow":["GET"]}}],"collection":[{"href":"https:\/\/bitacoras.ceipdeolveira.org\/voznatura\/wp-json\/wp\/v2\/posts"}],"about":[{"href":"https:\/\/bitacoras.ceipdeolveira.org\/voznatura\/wp-json\/wp\/v2\/types\/post"}],"author":[{"embeddable":true,"href":"https:\/\/bitacoras.ceipdeolveira.org\/voznatura\/wp-json\/wp\/v2\/users\/18"}],"replies":[{"embeddable":true,"href":"https:\/\/bitacoras.ceipdeolveira.org\/voznatura\/wp-json\/wp\/v2\/comments?post=905"}],"version-history":[{"count":1,"href":"https:\/\/bitacoras.ceipdeolveira.org\/voznatura\/wp-json\/wp\/v2\/posts\/905\/revisions"}],"predecessor-version":[{"id":907,"href":"https:\/\/bitacoras.ceipdeolveira.org\/voznatura\/wp-json\/wp\/v2\/posts\/905\/revisions\/907"}],"wp:attachment":[{"href":"https:\/\/bitacoras.ceipdeolveira.org\/voznatura\/wp-json\/wp\/v2\/media?parent=905"}],"wp:term":[{"taxonomy":"category","embeddable":true,"href":"https:\/\/bitacoras.ceipdeolveira.org\/voznatura\/wp-json\/wp\/v2\/categories?post=905"},{"taxonomy":"post_tag","embeddable":true,"href":"https:\/\/bitacoras.ceipdeolveira.org\/voznatura\/wp-json\/wp\/v2\/tags?post=905"}],"curies":[{"name":"wp","href":"https:\/\/api.w.org\/{rel}","templated":true}]}}